{"id":56170,"date":"2023-11-02T12:35:20","date_gmt":"2023-11-02T16:35:20","guid":{"rendered":"https:\/\/www.brazilianpress.com\/v1\/?p=56170"},"modified":"2023-11-02T12:35:20","modified_gmt":"2023-11-02T16:35:20","slug":"libio-brasileiro-e-preso-por-ter-mala-trocada-por-outra-com-drogas-no-aeroporto-de-guarulhos","status":"publish","type":"post","link":"https:\/\/www.brazilianpress.com\/v1\/2023\/11\/02\/libio-brasileiro-e-preso-por-ter-mala-trocada-por-outra-com-drogas-no-aeroporto-de-guarulhos\/","title":{"rendered":"L\u00edbio-brasileiro \u00e9 preso por ter mala trocada por outra com drogas no aeroporto de Guarulhos"},"content":{"rendered":"<p><strong>A Pol\u00edcia Federal de S\u00e3o Paulo descobriu mais um caso de tr\u00e1fico de drogas no aeroporto de Guarulhos, o maior do pa\u00eds, com base em troca de etiquetas de malas. Um l\u00edbio com cidadania brasileira foi preso injustamente em maio, segundo a PF. Imagens do terminal aeroportu\u00e1rio obtidas\u00a0mostram a apreens\u00e3o de duas bagagens com 43 kg de coca\u00edna. Ambas foram embarcadas de Guarulhos em nome da esposa do brasileiro.<\/strong><\/p>\n<p>O homem l\u00edbio-brasileiro, identificado como Ahmed Hasan, de 37 anos, e a fam\u00edlia embarcaram em S\u00e3o Paulo no dia 22 de outubro de 2022 para Istambul, na Turquia. Depois, seguiram normalmente para a L\u00edbia, onde moram. J\u00e1 em maio deste ano, ao retornar sozinho \u00e0 Turquia, Hasan foi preso acusado de tr\u00e1fico internacional de drogas.<\/p>\n<p>Hasan e a fam\u00edlia n\u00e3o foram presos em flagrante porque as malas com a droga s\u00f3 sa\u00edram quatro dias depois de Guarulhos para a Turquia, em 26 de outubro de 2022, quando eles j\u00e1 haviam desembarcado. Segundo a PF, a etiqueta da mala deles foi retirada e, em vez de usar no pr\u00f3prio dia, a etiqueta foi guardada para usar alguns dias depois no voo onde a droga foi despachada efetivamente.<\/p>\n<p>Nas imagens do aeroporto, a PF suspeita de um \u00f4nibus de transporte de passageiros, que teria levado a droga para o avi\u00e3o da Turkish Airlines. Os investigadores suspeitam da movimenta\u00e7\u00e3o desse ve\u00edculo porque ele sai do aeroporto e s\u00f3 retorna \u00e0 noite.<\/p>\n<p>Por volta das 21h40, esse \u00f4nibus vai acompanhado de outro ve\u00edculo para um galp\u00e3o, onde n\u00e3o h\u00e1 c\u00e2meras de seguran\u00e7a. Em seguida, uma carreta leva cargas para os avi\u00f5es. A PF aponta que \u00e9 neste momento que a mala com droga seria colocada no avi\u00e3o.<\/p>\n<p>A advogada Luna Prov\u00e1zio, que defende o l\u00edbio-brasileiro, disse que ele est\u00e1 em pris\u00e3o domiciliar. \u201cEle est\u00e1 proibido de sair da Turquia. Est\u00e1 com o passaporte retido at\u00e9 a data do julgamento, que ser\u00e1 no dia 30 de novembro\u201d, informou.<\/p>\n<p>A defensora \u00e9 a mesma que conseguiu provar, junto \u00e0 PF, que duas goianas foram presas injustamente na Alemanha em abril por conta de troca de etiquetas em malas no aeroporto de Guarulhos. A PF enviou provas para a Justi\u00e7a alem\u00e3, que concedeu liberdade a Jeanne Paolini e K\u00e1tyna Ba\u00eda. Al\u00e9m disso, em abril, a Pol\u00edcia Federal investiga atua\u00e7\u00e3o do PCC aliciando funcion\u00e1rios terceirizados das companhias a\u00e9reas para colocarem drogas e conseguirem traficar para a Europa. Nove pessoas j\u00e1 foram presas nesse esquema investigado pela PF. Nesse caso do l\u00edbio, ainda n\u00e3o h\u00e1 identifica\u00e7\u00e3o de suspeitos, mas a investiga\u00e7\u00e3o continua.<\/p>\n","protected":false},"excerpt":{"rendered":"<p>A Pol\u00edcia Federal de S\u00e3o Paulo descobriu mais um caso de tr\u00e1fico de drogas no aeroporto de Guarulhos, o maior do pa\u00eds, com base em troca de etiquetas de malas. Um l\u00edbio com cidadania brasileira foi preso injustamente em maio, segundo a PF. Imagens do terminal aeroportu\u00e1rio obtidas\u00a0mostram a apreens\u00e3o de duas bagagens com 43 kg de coca\u00edna. Ambas foram embarcadas de Guarulhos em nome da esposa do brasileiro. O homem l\u00edbio-brasileiro, identificado como Ahmed Hasan, de 37 anos, e a fam\u00edlia embarcaram em S\u00e3o Paulo no dia 22 de outubro de 2022 para Istambul, na Turquia. Depois, seguiram normalmente [&hellip;]<\/p>\n","protected":false},"author":1,"featured_media":50434,"comment_status":"open","ping_status":"closed","sticky":false,"template":"","format":"standard","meta":{"_links_to":"","_links_to_target":""},"categories":[7],"tags":[],"views":703,"_links":{"self":[{"href":"https:\/\/www.brazilianpress.com\/v1\/wp-json\/wp\/v2\/posts\/56170"}],"collection":[{"href":"https:\/\/www.brazilianpress.com\/v1\/wp-json\/wp\/v2\/posts"}],"about":[{"href":"https:\/\/www.brazilianpress.com\/v1\/wp-json\/wp\/v2\/types\/post"}],"author":[{"embeddable":true,"href":"https:\/\/www.brazilianpress.com\/v1\/wp-json\/wp\/v2\/users\/1"}],"replies":[{"embeddable":true,"href":"https:\/\/www.brazilianpress.com\/v1\/wp-json\/wp\/v2\/comments?post=56170"}],"version-history":[{"count":1,"href":"https:\/\/www.brazilianpress.com\/v1\/wp-json\/wp\/v2\/posts\/56170\/revisions"}],"predecessor-version":[{"id":56171,"href":"https:\/\/www.brazilianpress.com\/v1\/wp-json\/wp\/v2\/posts\/56170\/revisions\/56171"}],"wp:featuredmedia":[{"embeddable":true,"href":"https:\/\/www.brazilianpress.com\/v1\/wp-json\/wp\/v2\/media\/50434"}],"wp:attachment":[{"href":"https:\/\/www.brazilianpress.com\/v1\/wp-json\/wp\/v2\/media?parent=56170"}],"wp:term":[{"taxonomy":"category","embeddable":true,"href":"https:\/\/www.brazilianpress.com\/v1\/wp-json\/wp\/v2\/categories?post=56170"},{"taxonomy":"post_tag","embeddable":true,"href":"https:\/\/www.brazilianpress.com\/v1\/wp-json\/wp\/v2\/tags?post=56170"}],"curies":[{"name":"wp","href":"https:\/\/api.w.org\/{rel}","templated":true}]}}