{"id":562,"date":"2013-05-16T00:02:49","date_gmt":"2013-05-16T04:02:49","guid":{"rendered":"http:\/\/www.brazilianpress.com\/v1\/?p=562"},"modified":"2013-05-16T00:02:49","modified_gmt":"2013-05-16T04:02:49","slug":"vida-por-vidas-trazendo-esperanca-para-comunidade","status":"publish","type":"post","link":"https:\/\/www.brazilianpress.com\/v1\/2013\/05\/16\/vida-por-vidas-trazendo-esperanca-para-comunidade\/","title":{"rendered":"Vida Por Vidas: Trazendo Esperan\u00e7a Para Comunidade"},"content":{"rendered":"<p><strong>Roger Costa<\/strong><\/p>\n<p>O programa anual \u201cVida Por Vidas\u201d, realizado no \u00faltimo s\u00e1bado, nas instala\u00e7\u00f5es da Igreja Adventista de Newark, em parceria com o University Hospital e o Community Blood Services, e a Funda\u00e7\u00e3o Icla da Silva, conseguiu in\u00famero sucesso com a participa\u00e7\u00e3o da comunidade presente, registrando 91 doadores de sangue, nesse ato de solidariedade ao pr\u00f3ximo que traz esperan\u00e7a para pacientes doentes em busca de recupera\u00e7\u00e3o.<\/p>\n\n\t\t<style type=\"text\/css\">\n\t\t\t#gallery-1 {\n\t\t\t\tmargin: auto;\n\t\t\t}\n\t\t\t#gallery-1 .gallery-item {\n\t\t\t\tfloat: left;\n\t\t\t\tmargin-top: 10px;\n\t\t\t\ttext-align: center;\n\t\t\t\twidth: 33%;\n\t\t\t}\n\t\t\t#gallery-1 img {\n\t\t\t\tborder: 2px solid #cfcfcf;\n\t\t\t}\n\t\t\t#gallery-1 .gallery-caption {\n\t\t\t\tmargin-left: 0;\n\t\t\t}\n\t\t\t\/* see gallery_shortcode() in wp-includes\/media.php *\/\n\t\t<\/style>\n\t\t<div id='gallery-1' class='gallery galleryid-562 gallery-columns-3 gallery-size-thumbnail'><dl class='gallery-item'>\n\t\t\t<dt class='gallery-icon landscape'>\n\t\t\t\t<a href=\"https:\/\/www.brazilianpress.com\/v1\/wp-content\/uploads\/2013\/05\/vida-por-vidas-1627-1.jpg\" class=\"gallery_colorbox\"><img width=\"150\" height=\"150\" src=\"https:\/\/www.brazilianpress.com\/v1\/wp-content\/uploads\/2013\/05\/vida-por-vidas-1627-1-150x150.jpg\"  class=\"attachment-thumbnail size-thumbnail\" alt=\"\" loading=\"lazy\" \/><\/a>\n\t\t\t<\/dt><\/dl><dl class='gallery-item'>\n\t\t\t<dt class='gallery-icon landscape'>\n\t\t\t\t<a href=\"https:\/\/www.brazilianpress.com\/v1\/wp-content\/uploads\/2013\/05\/vida-por-vidas-1627-2.jpg\" class=\"gallery_colorbox\"><img width=\"150\" height=\"150\" src=\"https:\/\/www.brazilianpress.com\/v1\/wp-content\/uploads\/2013\/05\/vida-por-vidas-1627-2-150x150.jpg\"  class=\"attachment-thumbnail size-thumbnail\" alt=\"\" loading=\"lazy\" \/><\/a>\n\t\t\t<\/dt><\/dl><dl class='gallery-item'>\n\t\t\t<dt class='gallery-icon landscape'>\n\t\t\t\t<a href=\"https:\/\/www.brazilianpress.com\/v1\/wp-content\/uploads\/2013\/05\/vida-por-vidas-1627-3.jpg\" class=\"gallery_colorbox\"><img width=\"150\" height=\"150\" src=\"https:\/\/www.brazilianpress.com\/v1\/wp-content\/uploads\/2013\/05\/vida-por-vidas-1627-3-150x150.jpg\"  class=\"attachment-thumbnail size-thumbnail\" alt=\"\" loading=\"lazy\" \/><\/a>\n\t\t\t<\/dt><\/dl><br style=\"clear: both\" \/>\n\t\t<\/div>\n\n<p>O total foi de 53 unidades de sangue, que s\u00e3o separados em laborat\u00f3rio e cada uma delas \u00e9 suficiente para ajudar a 3 pacientes. Os participantes, tiveram a oportunidade de realizar exames gratuitos como papanicolau, mamografia, press\u00e3o arterial, glicose e fun\u00e7\u00e3o pulmonar, al\u00e9m de desfrutar de uma tarde de incentivo ao bem-estar, acompanhado de mensagens musicais e a presen\u00e7a dos Desbravadores. Para informa\u00e7\u00f5es em como tornar-se doador contate Miriam Grippo (201)389-0476 ou acesse <a href=\"http:\/\/www.communitybloodservices.com\">www.communitybloodservices.com<\/a> Visite nosso site <a href=\"http:\/\/www.brazilianpress.com\">www.brazilianpress.com<\/a> para cobertura de fotos exclusivas.<\/p>\n","protected":false},"excerpt":{"rendered":"<p>Roger Costa O programa anual \u201cVida Por Vidas\u201d, realizado no \u00faltimo s\u00e1bado, nas instala\u00e7\u00f5es da Igreja Adventista de Newark, em parceria com o University Hospital e o Community Blood Services, e a Funda\u00e7\u00e3o Icla da Silva, conseguiu in\u00famero sucesso com a participa\u00e7\u00e3o da comunidade presente, registrando 91 doadores de sangue, nesse ato de solidariedade ao pr\u00f3ximo que traz esperan\u00e7a para pacientes doentes em busca de recupera\u00e7\u00e3o. O total foi de 53 unidades de sangue, que s\u00e3o separados em laborat\u00f3rio e cada uma delas \u00e9 suficiente para ajudar a 3 pacientes. Os participantes, tiveram a oportunidade de realizar exames gratuitos como [&hellip;]<\/p>\n","protected":false},"author":1,"featured_media":563,"comment_status":"open","ping_status":"open","sticky":false,"template":"","format":"standard","meta":{"_links_to":"","_links_to_target":""},"categories":[4,1],"tags":[],"views":2710,"_links":{"self":[{"href":"https:\/\/www.brazilianpress.com\/v1\/wp-json\/wp\/v2\/posts\/562"}],"collection":[{"href":"https:\/\/www.brazilianpress.com\/v1\/wp-json\/wp\/v2\/posts"}],"about":[{"href":"https:\/\/www.brazilianpress.com\/v1\/wp-json\/wp\/v2\/types\/post"}],"author":[{"embeddable":true,"href":"https:\/\/www.brazilianpress.com\/v1\/wp-json\/wp\/v2\/users\/1"}],"replies":[{"embeddable":true,"href":"https:\/\/www.brazilianpress.com\/v1\/wp-json\/wp\/v2\/comments?post=562"}],"version-history":[{"count":1,"href":"https:\/\/www.brazilianpress.com\/v1\/wp-json\/wp\/v2\/posts\/562\/revisions"}],"predecessor-version":[{"id":566,"href":"https:\/\/www.brazilianpress.com\/v1\/wp-json\/wp\/v2\/posts\/562\/revisions\/566"}],"wp:featuredmedia":[{"embeddable":true,"href":"https:\/\/www.brazilianpress.com\/v1\/wp-json\/wp\/v2\/media\/563"}],"wp:attachment":[{"href":"https:\/\/www.brazilianpress.com\/v1\/wp-json\/wp\/v2\/media?parent=562"}],"wp:term":[{"taxonomy":"category","embeddable":true,"href":"https:\/\/www.brazilianpress.com\/v1\/wp-json\/wp\/v2\/categories?post=562"},{"taxonomy":"post_tag","embeddable":true,"href":"https:\/\/www.brazilianpress.com\/v1\/wp-json\/wp\/v2\/tags?post=562"}],"curies":[{"name":"wp","href":"https:\/\/api.w.org\/{rel}","templated":true}]}}