{"id":56239,"date":"2023-11-15T08:50:03","date_gmt":"2023-11-15T12:50:03","guid":{"rendered":"https:\/\/www.brazilianpress.com\/v1\/?p=56239"},"modified":"2023-11-15T08:50:03","modified_gmt":"2023-11-15T12:50:03","slug":"social-press-15-11-2023","status":"publish","type":"post","link":"https:\/\/www.brazilianpress.com\/v1\/2023\/11\/15\/social-press-15-11-2023\/","title":{"rendered":"Social Press . 15\/11\/2023"},"content":{"rendered":"<p><em><strong>Feliz anivers\u00e1rio Leandro, gente boa esse Gerente mais que especial do Casa Nova na Adams Street em Newark, felicidades!!!<\/strong><\/em><\/p>\n<p><em><strong><img loading=\"lazy\" class=\"alignnone size-full wp-image-56235\" src=\"https:\/\/www.brazilianpress.com\/v1\/wp-content\/uploads\/2023\/11\/foto-2-Acaba-de-ser-inaugurado-o-Novo-espaco-de-beleza.jpg\" alt=\"\" width=\"700\" height=\"525\" srcset=\"https:\/\/www.brazilianpress.com\/v1\/wp-content\/uploads\/2023\/11\/foto-2-Acaba-de-ser-inaugurado-o-Novo-espaco-de-beleza.jpg 700w, https:\/\/www.brazilianpress.com\/v1\/wp-content\/uploads\/2023\/11\/foto-2-Acaba-de-ser-inaugurado-o-Novo-espaco-de-beleza-300x225.jpg 300w, https:\/\/www.brazilianpress.com\/v1\/wp-content\/uploads\/2023\/11\/foto-2-Acaba-de-ser-inaugurado-o-Novo-espaco-de-beleza-180x135.jpg 180w, https:\/\/www.brazilianpress.com\/v1\/wp-content\/uploads\/2023\/11\/foto-2-Acaba-de-ser-inaugurado-o-Novo-espaco-de-beleza-400x300.jpg 400w, https:\/\/www.brazilianpress.com\/v1\/wp-content\/uploads\/2023\/11\/foto-2-Acaba-de-ser-inaugurado-o-Novo-espaco-de-beleza-600x450.jpg 600w\" sizes=\"(max-width: 700px) 100vw, 700px\" \/><br \/>\n<\/strong><\/em><\/p>\n<p><em><strong><img loading=\"lazy\" class=\"alignnone size-full wp-image-56240\" src=\"https:\/\/www.brazilianpress.com\/v1\/wp-content\/uploads\/2023\/11\/Foto-5-faz-parte-da-foto-do-roger-foto-2.jpg\" alt=\"\" width=\"675\" height=\"900\" srcset=\"https:\/\/www.brazilianpress.com\/v1\/wp-content\/uploads\/2023\/11\/Foto-5-faz-parte-da-foto-do-roger-foto-2.jpg 675w, https:\/\/www.brazilianpress.com\/v1\/wp-content\/uploads\/2023\/11\/Foto-5-faz-parte-da-foto-do-roger-foto-2-225x300.jpg 225w\" sizes=\"(max-width: 675px) 100vw, 675px\" \/><br \/>\nAcaba de ser inaugurado o Novo espa\u00e7o de beleza e rejuvenescimento em Newark. O renomado Dr. Patel e a premiada esteticista Fabiana Lehrbaum, convidam a Comunidade para conhecer os servi\u00e7os da Time 2 Drip Med Spa localizado no 99 Madison St. Vamos conferir!<\/strong><\/em><\/p>\n<p><em><strong><img loading=\"lazy\" class=\"alignnone size-full wp-image-56236\" src=\"https:\/\/www.brazilianpress.com\/v1\/wp-content\/uploads\/2023\/11\/Foto-3-Alice-Souza-Reis-esta-boneca-mais.jpg\" alt=\"\" width=\"675\" height=\"900\" srcset=\"https:\/\/www.brazilianpress.com\/v1\/wp-content\/uploads\/2023\/11\/Foto-3-Alice-Souza-Reis-esta-boneca-mais.jpg 675w, https:\/\/www.brazilianpress.com\/v1\/wp-content\/uploads\/2023\/11\/Foto-3-Alice-Souza-Reis-esta-boneca-mais-225x300.jpg 225w\" sizes=\"(max-width: 675px) 100vw, 675px\" \/><br \/>\nAlice Souza Reis est\u00e1 boneca mais que linda est\u00e1 completando 9 aninhos de muita alegria e muito charme. Parab\u00e9ns!<\/strong><\/em><\/p>\n<p><em><strong><img loading=\"lazy\" class=\"alignnone size-full wp-image-56237\" src=\"https:\/\/www.brazilianpress.com\/v1\/wp-content\/uploads\/2023\/11\/Foto-4-Marla-Lamounier-e-Roberta-Lamounier-alem-de-mae-e-filha-elas-.jpg\" alt=\"\" width=\"675\" height=\"900\" srcset=\"https:\/\/www.brazilianpress.com\/v1\/wp-content\/uploads\/2023\/11\/Foto-4-Marla-Lamounier-e-Roberta-Lamounier-alem-de-mae-e-filha-elas-.jpg 675w, https:\/\/www.brazilianpress.com\/v1\/wp-content\/uploads\/2023\/11\/Foto-4-Marla-Lamounier-e-Roberta-Lamounier-alem-de-mae-e-filha-elas--225x300.jpg 225w\" sizes=\"(max-width: 675px) 100vw, 675px\" \/><br \/>\nMarla Lamounier e Roberta Lamounier al\u00e9m de m\u00e3e e filha elas s\u00e3o parceiras pra vida. Super amigas que sempre que podem saem para celebrar o amor que as une.<\/strong><\/em><\/p>\n","protected":false},"excerpt":{"rendered":"<p>Feliz anivers\u00e1rio Leandro, gente boa esse Gerente mais que especial do Casa Nova na Adams Street em Newark, felicidades!!! Acaba de ser inaugurado o Novo espa\u00e7o de beleza e rejuvenescimento em Newark. O renomado Dr. Patel e a premiada esteticista Fabiana Lehrbaum, convidam a Comunidade para conhecer os servi\u00e7os da Time 2 Drip Med Spa localizado no 99 Madison St. Vamos conferir! Alice Souza Reis est\u00e1 boneca mais que linda est\u00e1 completando 9 aninhos de muita alegria e muito charme. Parab\u00e9ns! Marla Lamounier e Roberta Lamounier al\u00e9m de m\u00e3e e filha elas s\u00e3o parceiras pra vida. Super amigas que sempre [&hellip;]<\/p>\n","protected":false},"author":1,"featured_media":56234,"comment_status":"open","ping_status":"closed","sticky":false,"template":"","format":"standard","meta":{"_links_to":"","_links_to_target":""},"categories":[3,1,6],"tags":[],"views":1111,"_links":{"self":[{"href":"https:\/\/www.brazilianpress.com\/v1\/wp-json\/wp\/v2\/posts\/56239"}],"collection":[{"href":"https:\/\/www.brazilianpress.com\/v1\/wp-json\/wp\/v2\/posts"}],"about":[{"href":"https:\/\/www.brazilianpress.com\/v1\/wp-json\/wp\/v2\/types\/post"}],"author":[{"embeddable":true,"href":"https:\/\/www.brazilianpress.com\/v1\/wp-json\/wp\/v2\/users\/1"}],"replies":[{"embeddable":true,"href":"https:\/\/www.brazilianpress.com\/v1\/wp-json\/wp\/v2\/comments?post=56239"}],"version-history":[{"count":1,"href":"https:\/\/www.brazilianpress.com\/v1\/wp-json\/wp\/v2\/posts\/56239\/revisions"}],"predecessor-version":[{"id":56241,"href":"https:\/\/www.brazilianpress.com\/v1\/wp-json\/wp\/v2\/posts\/56239\/revisions\/56241"}],"wp:featuredmedia":[{"embeddable":true,"href":"https:\/\/www.brazilianpress.com\/v1\/wp-json\/wp\/v2\/media\/56234"}],"wp:attachment":[{"href":"https:\/\/www.brazilianpress.com\/v1\/wp-json\/wp\/v2\/media?parent=56239"}],"wp:term":[{"taxonomy":"category","embeddable":true,"href":"https:\/\/www.brazilianpress.com\/v1\/wp-json\/wp\/v2\/categories?post=56239"},{"taxonomy":"post_tag","embeddable":true,"href":"https:\/\/www.brazilianpress.com\/v1\/wp-json\/wp\/v2\/tags?post=56239"}],"curies":[{"name":"wp","href":"https:\/\/api.w.org\/{rel}","templated":true}]}}