{"id":56258,"date":"2023-11-15T15:32:09","date_gmt":"2023-11-15T19:32:09","guid":{"rendered":"https:\/\/www.brazilianpress.com\/v1\/?p=56258"},"modified":"2023-11-15T15:32:09","modified_gmt":"2023-11-15T19:32:09","slug":"se-recuperar-o-poder-trump-planeja-prisoes-em-massa-e-deportacoes-de-imigrantes-indocumentados","status":"publish","type":"post","link":"https:\/\/www.brazilianpress.com\/v1\/2023\/11\/15\/se-recuperar-o-poder-trump-planeja-prisoes-em-massa-e-deportacoes-de-imigrantes-indocumentados\/","title":{"rendered":"Se recuperar o poder Trump planeja pris\u00f5es em massa e deporta\u00e7\u00f5es de imigrantes indocumentados"},"content":{"rendered":"<p><strong>O ex-presidente Donald Trump planeja uma expans\u00e3o generalizada das pol\u00edticas de imigra\u00e7\u00e3o linha-dura de seu governo anterior se ele for reeleito para um segundo mandato em 2024, incluindo a deten\u00e7\u00e3o de imigrantes indocumentados que j\u00e1 est\u00e3o nos EUA e sua coloca\u00e7\u00e3o em campos de deten\u00e7\u00e3o enquanto aguardam a deporta\u00e7\u00e3o, confirmou uma fonte com conhecimento do caso \u00e0 CNN.<\/strong><\/p>\n<p>Os planos, relatados pelo New York Times, exigiriam a constru\u00e7\u00e3o de grandes campos para abrigar imigrantes que aguardam deporta\u00e7\u00e3o e recursos para a aplica\u00e7\u00e3o da lei federal e local para ajudar nas pris\u00f5es em grande escala de imigrantes indocumentados em todo o pa\u00eds.<\/p>\n<p>Se o Congresso se recusar a financiar a opera\u00e7\u00e3o, Trump poder\u00e1 recorrer a uma t\u00e1tica usada no seu primeiro mandato para garantir mais financiamento para o muro fronteiri\u00e7o: redireccionar fundos do Pent\u00e1gono, confirmou a fonte.<\/p>\n<p>A not\u00edcia das propostas surge depois de Trump, num com\u00edcio na Florida na quarta-feira, ter prometido realizar &#8220;a maior opera\u00e7\u00e3o interna de deporta\u00e7\u00e3o na hist\u00f3ria dos EUA&#8221;, argumentando que &#8220;criminosos estavam a atravessar a fronteira dos EUA e do M\u00e9xico&#8221; e alertado sobre &#8220;jovens e pessoas fortes que t\u00eam m\u00e1s inten\u00e7\u00f5es\u201d.<\/p>\n<p>Trump intensificou a sua ret\u00f3rica dura sobre a imigra\u00e7\u00e3o nas \u00faltimas semanas, ap\u00f3s a eclos\u00e3o da guerra entre Israel e o Hamas, e disse publicamente que quer reviver muitas das pol\u00edticas de imigra\u00e7\u00e3o do seu primeiro mandato para restringir a imigra\u00e7\u00e3o legal e ilegal &#8211; incluindo restabelecer e expandir a proibi\u00e7\u00e3o de viagens a pessoas de pa\u00edses mu\u00e7ulmanos \u2013 e trazer de volta uma pol\u00edtica da era Covid,\u00a0conhecida como T\u00edtulo 42, para restringir ainda mais a imigra\u00e7\u00e3o para o pa\u00eds, embora desta vez se baseasse na alega\u00e7\u00e3o de que os imigrantes poderiam transmitir outras doen\u00e7as infecciosas. doen\u00e7as.<\/p>\n<p>Os planos de Trump \u2013 se ele os levar adiante caso recupere o poder \u2013 enfrentariam ferozes desafios pol\u00edticos e jur\u00eddicos.<\/p>\n<p>Trump h\u00e1 muito planeja instalar servidores pol\u00edticos leais, como Miller, em posi\u00e7\u00f5es de poder se ele vencer as elei\u00e7\u00f5es de 2024 e quer uma equipe que n\u00e3o o detenha quando se trata de reprimir a imigra\u00e7\u00e3o, disseram fontes familiarizadas com suas a\u00e7\u00f5es \u00e0 CNN.<\/p>\n<p>A campanha de Biden emitiu uma declara\u00e7\u00e3o contundente em resposta \u00e0 reportagem do Times no s\u00e1bado, chamando os planos de Trump de \u201ca horr\u00edvel realidade que aguarda o povo americano se Donald Trump for autorizado a chegar perto do Sal\u00e3o Oval novamente\u201d.<\/p>\n<p>Durante os seus recentes eventos de campanha, Trump elogiou a sua proibi\u00e7\u00e3o de viagens a pa\u00edses predominantemente mu\u00e7ulmanos como &#8220;forte&#8221; e &#8220;poderoso&#8221;.<\/p>\n<p>Na semana passada, na Fl\u00f3rida, Trump prometeu \u201cacabar com todas as autoriza\u00e7\u00f5es de trabalho para estrangeiros ilegais e exigir que o Congresso envie um projeto de lei proibindo todos os pagamentos de assist\u00eancia social a imigrantes ilegais de qualquer tipo\u201d.\u00a0O ex-presidente tamb\u00e9m alertou sobre caravanas vindas do M\u00e9xico para a fronteira dos EUA e prometeu processar grupos e institui\u00e7\u00f5es de caridade que, segundo ele, facilitaram a imigra\u00e7\u00e3o ilegal em grande escala.<\/p>\n","protected":false},"excerpt":{"rendered":"<p>O ex-presidente Donald Trump planeja uma expans\u00e3o generalizada das pol\u00edticas de imigra\u00e7\u00e3o linha-dura de seu governo anterior se ele for reeleito para um segundo mandato em 2024, incluindo a deten\u00e7\u00e3o de imigrantes indocumentados que j\u00e1 est\u00e3o nos EUA e sua coloca\u00e7\u00e3o em campos de deten\u00e7\u00e3o enquanto aguardam a deporta\u00e7\u00e3o, confirmou uma fonte com conhecimento do caso \u00e0 CNN. Os planos, relatados pelo New York Times, exigiriam a constru\u00e7\u00e3o de grandes campos para abrigar imigrantes que aguardam deporta\u00e7\u00e3o e recursos para a aplica\u00e7\u00e3o da lei federal e local para ajudar nas pris\u00f5es em grande escala de imigrantes indocumentados em todo o [&hellip;]<\/p>\n","protected":false},"author":1,"featured_media":56259,"comment_status":"open","ping_status":"closed","sticky":false,"template":"","format":"standard","meta":{"_links_to":"","_links_to_target":""},"categories":[4,3,1],"tags":[],"views":1275,"_links":{"self":[{"href":"https:\/\/www.brazilianpress.com\/v1\/wp-json\/wp\/v2\/posts\/56258"}],"collection":[{"href":"https:\/\/www.brazilianpress.com\/v1\/wp-json\/wp\/v2\/posts"}],"about":[{"href":"https:\/\/www.brazilianpress.com\/v1\/wp-json\/wp\/v2\/types\/post"}],"author":[{"embeddable":true,"href":"https:\/\/www.brazilianpress.com\/v1\/wp-json\/wp\/v2\/users\/1"}],"replies":[{"embeddable":true,"href":"https:\/\/www.brazilianpress.com\/v1\/wp-json\/wp\/v2\/comments?post=56258"}],"version-history":[{"count":1,"href":"https:\/\/www.brazilianpress.com\/v1\/wp-json\/wp\/v2\/posts\/56258\/revisions"}],"predecessor-version":[{"id":56260,"href":"https:\/\/www.brazilianpress.com\/v1\/wp-json\/wp\/v2\/posts\/56258\/revisions\/56260"}],"wp:featuredmedia":[{"embeddable":true,"href":"https:\/\/www.brazilianpress.com\/v1\/wp-json\/wp\/v2\/media\/56259"}],"wp:attachment":[{"href":"https:\/\/www.brazilianpress.com\/v1\/wp-json\/wp\/v2\/media?parent=56258"}],"wp:term":[{"taxonomy":"category","embeddable":true,"href":"https:\/\/www.brazilianpress.com\/v1\/wp-json\/wp\/v2\/categories?post=56258"},{"taxonomy":"post_tag","embeddable":true,"href":"https:\/\/www.brazilianpress.com\/v1\/wp-json\/wp\/v2\/tags?post=56258"}],"curies":[{"name":"wp","href":"https:\/\/api.w.org\/{rel}","templated":true}]}}