{"id":56268,"date":"2023-11-16T11:57:23","date_gmt":"2023-11-16T15:57:23","guid":{"rendered":"https:\/\/www.brazilianpress.com\/v1\/?p=56268"},"modified":"2023-11-16T11:57:23","modified_gmt":"2023-11-16T15:57:23","slug":"na-mira-do-stjd-cruzeiro-suspende-venda-de-ingressos-para-jogo-contra-o-vasco-e-pacote-promocional","status":"publish","type":"post","link":"https:\/\/www.brazilianpress.com\/v1\/2023\/11\/16\/na-mira-do-stjd-cruzeiro-suspende-venda-de-ingressos-para-jogo-contra-o-vasco-e-pacote-promocional\/","title":{"rendered":"Na mira do STJD, Cruzeiro suspende venda de ingressos para jogo contra o Vasco e pacote promocional"},"content":{"rendered":"<p><strong>Com uma poss\u00edvel puni\u00e7\u00e3o de port\u00f5es fechados at\u00e9 o fim da temporada, o\u00a0Cruzeiro\u00a0suspendeu a venda de ingressos para o jogo contra o Vasco, no dia 22 de novembro, no Mineir\u00e3o. A venda do passaporte para as tr\u00eas \u00faltimas partidas como mandante (Vasco, Athletico-PR e Palmeiras), tamb\u00e9m foi suspensa.<\/strong><\/p>\n<p>A comercializa\u00e7\u00e3o dos ingressos, que teria in\u00edcio na manh\u00e3 desta segunda, foi suspensa ap\u00f3s a partida contra o Coritiba, no fim de semana, e a poss\u00edvel puni\u00e7\u00e3o que o clube pode sofrer pelo STJD. A procuradoria estuda o caso e prepara den\u00fancia contra o\u00a0Cruzeiro\u00a0ap\u00f3s invas\u00e3o de campo e briga generalizada entre torcidas.<\/p>\n<p>O clube ainda informou que ir\u00e1 divulgar, posteriormente, os desdobramentos para a comercializa\u00e7\u00e3o dos ingressos para as pr\u00f3ximas partidas.<\/p>\n<p>A iniciativa do &#8220;pacot\u00e3o&#8221; de ingressos para a torcida surgiu no in\u00edcio de outubro, quando ainda restavam seis jogos para o\u00a0Cruzeiro\u00a0no Mineir\u00e3o, at\u00e9 o fim do campeonato. Na \u00e9poca, o clube n\u00e3o havia vencido nenhuma partida no Gigante na Pampulha, e anunciou a promo\u00e7\u00e3o ap\u00f3s cr\u00edticas por parte da torcida em rela\u00e7\u00e3o ao valor do ingresso e o jejum de vit\u00f3rias em casa.<\/p>\n<p>O pr\u00f3ximo jogo do\u00a0Cruzeiro\u00a0\u00e9 diante do Fortaleza, na Arena Castel\u00e3o, no pr\u00f3ximo s\u00e1bado, dia 18, \u00e0s 18h30 (de Bras\u00edlia). Ainda sem t\u00e9cnico no comando, ap\u00f3s a demiss\u00e3o de Z\u00e9 Ricardo, os treinamentos da semana ser\u00e3o conduzidos pelo treinador da equipe Sub-20, Fernando Seabra.<\/p>\n","protected":false},"excerpt":{"rendered":"<p>Com uma poss\u00edvel puni\u00e7\u00e3o de port\u00f5es fechados at\u00e9 o fim da temporada, o\u00a0Cruzeiro\u00a0suspendeu a venda de ingressos para o jogo contra o Vasco, no dia 22 de novembro, no Mineir\u00e3o. A venda do passaporte para as tr\u00eas \u00faltimas partidas como mandante (Vasco, Athletico-PR e Palmeiras), tamb\u00e9m foi suspensa. A comercializa\u00e7\u00e3o dos ingressos, que teria in\u00edcio na manh\u00e3 desta segunda, foi suspensa ap\u00f3s a partida contra o Coritiba, no fim de semana, e a poss\u00edvel puni\u00e7\u00e3o que o clube pode sofrer pelo STJD. A procuradoria estuda o caso e prepara den\u00fancia contra o\u00a0Cruzeiro\u00a0ap\u00f3s invas\u00e3o de campo e briga generalizada entre torcidas. [&hellip;]<\/p>\n","protected":false},"author":1,"featured_media":56266,"comment_status":"open","ping_status":"closed","sticky":false,"template":"","format":"standard","meta":{"_links_to":"","_links_to_target":""},"categories":[9,1],"tags":[],"views":691,"_links":{"self":[{"href":"https:\/\/www.brazilianpress.com\/v1\/wp-json\/wp\/v2\/posts\/56268"}],"collection":[{"href":"https:\/\/www.brazilianpress.com\/v1\/wp-json\/wp\/v2\/posts"}],"about":[{"href":"https:\/\/www.brazilianpress.com\/v1\/wp-json\/wp\/v2\/types\/post"}],"author":[{"embeddable":true,"href":"https:\/\/www.brazilianpress.com\/v1\/wp-json\/wp\/v2\/users\/1"}],"replies":[{"embeddable":true,"href":"https:\/\/www.brazilianpress.com\/v1\/wp-json\/wp\/v2\/comments?post=56268"}],"version-history":[{"count":1,"href":"https:\/\/www.brazilianpress.com\/v1\/wp-json\/wp\/v2\/posts\/56268\/revisions"}],"predecessor-version":[{"id":56269,"href":"https:\/\/www.brazilianpress.com\/v1\/wp-json\/wp\/v2\/posts\/56268\/revisions\/56269"}],"wp:featuredmedia":[{"embeddable":true,"href":"https:\/\/www.brazilianpress.com\/v1\/wp-json\/wp\/v2\/media\/56266"}],"wp:attachment":[{"href":"https:\/\/www.brazilianpress.com\/v1\/wp-json\/wp\/v2\/media?parent=56268"}],"wp:term":[{"taxonomy":"category","embeddable":true,"href":"https:\/\/www.brazilianpress.com\/v1\/wp-json\/wp\/v2\/categories?post=56268"},{"taxonomy":"post_tag","embeddable":true,"href":"https:\/\/www.brazilianpress.com\/v1\/wp-json\/wp\/v2\/tags?post=56268"}],"curies":[{"name":"wp","href":"https:\/\/api.w.org\/{rel}","templated":true}]}}