{"id":56283,"date":"2023-11-17T11:07:15","date_gmt":"2023-11-17T15:07:15","guid":{"rendered":"https:\/\/www.brazilianpress.com\/v1\/?p=56283"},"modified":"2023-11-17T11:07:15","modified_gmt":"2023-11-17T15:07:15","slug":"comitiva-liderada-por-eduardo-bolsonaro-vai-aos-eua-denunciar-violacoes-de-liberdade-de-expressao-no-brasil","status":"publish","type":"post","link":"https:\/\/www.brazilianpress.com\/v1\/2023\/11\/17\/comitiva-liderada-por-eduardo-bolsonaro-vai-aos-eua-denunciar-violacoes-de-liberdade-de-expressao-no-brasil\/","title":{"rendered":"Comitiva liderada por Eduardo Bolsonaro vai aos EUA denunciar &#8220;viola\u00e7\u00f5es de liberdade de express\u00e3o&#8221; no Brasil"},"content":{"rendered":"<p><strong>Nove parlamentares da oposi\u00e7\u00e3o, liderados pelo deputado Eduardo Bolsonaro (PL-SP), foram a Washington, capital dos Estados Unidos, no feriado de 15 de novembro, para \u201cmostrar ao mundo\u201d o que alegam ser viola\u00e7\u00f5es da liberdade de express\u00e3o no Brasil.<\/strong><\/p>\n<p>Al\u00e9m do filho de Jair Bolsonaro, participam da comiss\u00e3o os senadores Magno Malta (PL-ES) e Jorge Seif (PL-SC) e os deputados Altineu C\u00f4rtes (PL-RJ), Delegado Ramagem (PL-RJ), J\u00falia Zanatta (PL-SC), Capit\u00e3o Alberto Neto (PL-AM) e Gustavo Gayer (PL-GO).<\/p>\n<blockquote class=\"twitter-tweet\" data-width=\"550\" data-dnt=\"true\">\n<p lang=\"pt\" dir=\"ltr\">\ud83c\uddfa\ud83c\uddf8Parlamentares brasileiros em miss\u00e3o neste feriado nos EUA. Acompanhem nossas redes sociais.<br \/> <a href=\"https:\/\/twitter.com\/GayerGus?ref_src=twsrc%5Etfw\">@GayerGus<\/a> <a href=\"https:\/\/twitter.com\/altineucortesrj?ref_src=twsrc%5Etfw\">@altineucortesrj<\/a> <a href=\"https:\/\/twitter.com\/capalbertoneto?ref_src=twsrc%5Etfw\">@capalbertoneto<\/a> <a href=\"https:\/\/twitter.com\/delegadoramagem?ref_src=twsrc%5Etfw\">@delegadoramagem<\/a> <a href=\"https:\/\/twitter.com\/apropriajulia?ref_src=twsrc%5Etfw\">@apropriajulia<\/a> <a href=\"https:\/\/twitter.com\/MagnoMalta?ref_src=twsrc%5Etfw\">@MagnoMalta<\/a> <a href=\"https:\/\/twitter.com\/jorgeseifjunior?ref_src=twsrc%5Etfw\">@jorgeseifjunior<\/a> <a href=\"https:\/\/t.co\/Fy6jBPIolx\">pic.twitter.com\/Fy6jBPIolx<\/a><\/p>\n<p>&mdash; Eduardo Bolsonaro\ud83c\udde7\ud83c\uddf7 (@BolsonaroSP) <a href=\"https:\/\/twitter.com\/BolsonaroSP\/status\/1724848929387192507?ref_src=twsrc%5Etfw\">November 15, 2023<\/a><\/p><\/blockquote>\n<p><script async src=\"https:\/\/platform.twitter.com\/widgets.js\" charset=\"utf-8\"><\/script><\/p>\n<p>\u201cEstamos aqui exatamente na tentativa que o mundo saiba que o Brasil vive um abuso pleno de autoridade. E o que n\u00f3s vivemos na semana passada, votando a chamada reforma tribut\u00e1ria, na verdade, formou-se o cerco ideol\u00f3gico. N\u00f3s n\u00e3o mudamos de um presidente para outro, mas uma mudan\u00e7a de regime para que o mundo saiba de todas essas censuras que n\u00f3s estamos vivendo, inclusive a interven\u00e7\u00e3o e o desrespeito de um poder para com o outro no Brasil\u201d, disse o senador Magno Malta em v\u00eddeo compartilhado na rede social X, antigo Twitter.<\/p>\n<p><img src=\"https:\/\/i.imgur.com\/s9BIYlG.png\"\/><\/p>\n<p>Na capital americana, o grupo de parlamentares brasileiros foi recebido pelos republicanos Marjorie Greene e George Santos, filho de brasileiros acusado de fraude fiscal, lavagem de dinheiro, desvio de verbas p\u00fablicas e de mentir perante o Congresso americano.<\/p>\n<blockquote class=\"twitter-tweet\" data-width=\"550\" data-dnt=\"true\">\n<p lang=\"es\" dir=\"ltr\">Recado importante direto de Washinton DC com <a href=\"https:\/\/twitter.com\/BolsonaroSP?ref_src=twsrc%5Etfw\">@BolsonaroSP<\/a>  \ud83d\udc4d\ud83c\udffb\ud83c\udde7\ud83c\uddf7 <a href=\"https:\/\/t.co\/JfCBe7zLYc\">pic.twitter.com\/JfCBe7zLYc<\/a><\/p>\n<p>&mdash; J\u00falia Zanatta (@apropriajulia) <a href=\"https:\/\/twitter.com\/apropriajulia\/status\/1724988265420521886?ref_src=twsrc%5Etfw\">November 16, 2023<\/a><\/p><\/blockquote>\n<p><script async src=\"https:\/\/platform.twitter.com\/widgets.js\" charset=\"utf-8\"><\/script><\/p>\n<p>\u201cA gente tem um bate-papo aberto, a oportunidade de falar realmente o que est\u00e1 acontecendo no Brasil, n\u00e3o s\u00f3 com rela\u00e7\u00e3o ao que eu falei aqui da Amaz\u00f4nia, mas principalmente ao cerceamento das liberdades. S\u00e3o processos onde est\u00e3o encarcerando gente de maneira injusta, que n\u00e3o cometeu crime, parlamentares que s\u00e3o presos por dar opini\u00e3o, jornalistas exilados [\u2026] S\u00e3o uns absurdos que a gente leva a eles para que eles tenham a no\u00e7\u00e3o de que o Brasil est\u00e1 no caminho da Venezuela\u201d, disse Eduardo Bolsonaro em v\u00eddeo com J\u00falia Zanatta.<\/p>\n","protected":false},"excerpt":{"rendered":"<p>Nove parlamentares da oposi\u00e7\u00e3o, liderados pelo deputado Eduardo Bolsonaro (PL-SP), foram a Washington, capital dos Estados Unidos, no feriado de 15 de novembro, para \u201cmostrar ao mundo\u201d o que alegam ser viola\u00e7\u00f5es da liberdade de express\u00e3o no Brasil. Al\u00e9m do filho de Jair Bolsonaro, participam da comiss\u00e3o os senadores Magno Malta (PL-ES) e Jorge Seif (PL-SC) e os deputados Altineu C\u00f4rtes (PL-RJ), Delegado Ramagem (PL-RJ), J\u00falia Zanatta (PL-SC), Capit\u00e3o Alberto Neto (PL-AM) e Gustavo Gayer (PL-GO). \ud83c\uddfa\ud83c\uddf8Parlamentares brasileiros em miss\u00e3o neste feriado nos EUA. Acompanhem nossas redes sociais. @GayerGus @altineucortesrj @capalbertoneto @delegadoramagem @apropriajulia @MagnoMalta @jorgeseifjunior pic.twitter.com\/Fy6jBPIolx &mdash; Eduardo Bolsonaro\ud83c\udde7\ud83c\uddf7 (@BolsonaroSP) [&hellip;]<\/p>\n","protected":false},"author":1,"featured_media":56284,"comment_status":"open","ping_status":"closed","sticky":false,"template":"","format":"standard","meta":{"_links_to":"","_links_to_target":""},"categories":[4,3,1],"tags":[],"views":658,"_links":{"self":[{"href":"https:\/\/www.brazilianpress.com\/v1\/wp-json\/wp\/v2\/posts\/56283"}],"collection":[{"href":"https:\/\/www.brazilianpress.com\/v1\/wp-json\/wp\/v2\/posts"}],"about":[{"href":"https:\/\/www.brazilianpress.com\/v1\/wp-json\/wp\/v2\/types\/post"}],"author":[{"embeddable":true,"href":"https:\/\/www.brazilianpress.com\/v1\/wp-json\/wp\/v2\/users\/1"}],"replies":[{"embeddable":true,"href":"https:\/\/www.brazilianpress.com\/v1\/wp-json\/wp\/v2\/comments?post=56283"}],"version-history":[{"count":1,"href":"https:\/\/www.brazilianpress.com\/v1\/wp-json\/wp\/v2\/posts\/56283\/revisions"}],"predecessor-version":[{"id":56285,"href":"https:\/\/www.brazilianpress.com\/v1\/wp-json\/wp\/v2\/posts\/56283\/revisions\/56285"}],"wp:featuredmedia":[{"embeddable":true,"href":"https:\/\/www.brazilianpress.com\/v1\/wp-json\/wp\/v2\/media\/56284"}],"wp:attachment":[{"href":"https:\/\/www.brazilianpress.com\/v1\/wp-json\/wp\/v2\/media?parent=56283"}],"wp:term":[{"taxonomy":"category","embeddable":true,"href":"https:\/\/www.brazilianpress.com\/v1\/wp-json\/wp\/v2\/categories?post=56283"},{"taxonomy":"post_tag","embeddable":true,"href":"https:\/\/www.brazilianpress.com\/v1\/wp-json\/wp\/v2\/tags?post=56283"}],"curies":[{"name":"wp","href":"https:\/\/api.w.org\/{rel}","templated":true}]}}