{"id":56289,"date":"2023-11-18T14:31:56","date_gmt":"2023-11-18T18:31:56","guid":{"rendered":"https:\/\/www.brazilianpress.com\/v1\/?p=56289"},"modified":"2023-11-18T14:31:56","modified_gmt":"2023-11-18T18:31:56","slug":"governo-dos-eua-afirma-ter-deportado-numero-recorde-de-imigrantes-ilegais-em-6-meses","status":"publish","type":"post","link":"https:\/\/www.brazilianpress.com\/v1\/2023\/11\/18\/governo-dos-eua-afirma-ter-deportado-numero-recorde-de-imigrantes-ilegais-em-6-meses\/","title":{"rendered":"Governo dos EUA afirma ter deportado n\u00famero &#8216;recorde&#8217; de imigrantes ilegais em 6 meses"},"content":{"rendered":"<p><strong>Os Estados Unidos deportaram mais de 380 mil migrantes que entraram no pa\u00eds &#8220;ilegalmente ou sem autoriza\u00e7\u00e3o&#8221; nos \u00faltimos seis meses, um n\u00famero &#8220;recorde&#8221;, anunciou um funcion\u00e1rio do Departamento de Seguran\u00e7a Interna (DHS) nesta sexta-feira (17).<\/strong><\/p>\n<p>Em maio, o governo do presidente democrata Joe Biden viu expirar uma norma sanit\u00e1ria que permitia bloquear na fronteira quase todos os migrantes que chegavam sem a documenta\u00e7\u00e3o necess\u00e1ria. Para compensar, foram introduzidas &#8220;vias legais&#8221; que obrigam os migrantes a marcar uma consulta atrav\u00e9s de um aplicativo de celular (CBP One) ou a realizar os tr\u00e2mites nos pa\u00edses por onde passam, por exemplo, recorrendo a permiss\u00f5es humanit\u00e1rias e de reunifica\u00e7\u00e3o familiar.<\/p>\n<p>Aqueles que tentam entrar no pa\u00eds contornando essas vias podem ser expulsos por meio de repatria\u00e7\u00f5es aceleradas.De acordo com o DHS, nos \u00faltimos seis meses, as autoridades realizaram a expuls\u00e3o ou retorno de mais de 380 mil pessoas, incluindo mais de 60 mil membros de fam\u00edlias.&#8221;Isso representa um recorde no per\u00edodo sobre o qual estamos falando&#8221;, afirmou nesta sexta-feira o subsecret\u00e1rio de pol\u00edtica de fronteira e imigra\u00e7\u00e3o do DHS, Blas N\u00fa\u00f1ez-Neto, em uma coletiva de imprensa.<\/p>\n<p>Os voos de expuls\u00e3o tiveram como destino o Equador, \u00cdndia, Peru, Venezuela e Am\u00e9rica Central.As autoridades americanas afirmam que submetem os migrantes \u00e0s chamadas &#8220;entrevistas de medo cr\u00edvel&#8221; para avaliar se existe a possibilidade de serem perseguidos ou torturados se voltarem ao seu pa\u00eds e que, al\u00e9m disso, aqueles designados para procedimentos de expuls\u00e3o podem apresentar reivindica\u00e7\u00f5es de prote\u00e7\u00e3o nos tribunais de imigra\u00e7\u00e3o.Biden, candidato \u00e0 reelei\u00e7\u00e3o em 2024, \u00e9 alvo de cr\u00edticas dos republicanos, que o acusam de uma crise migrat\u00f3ria na fronteira com o M\u00e9xico e da entrada massiva de migrantes no pa\u00eds.<\/p>\n","protected":false},"excerpt":{"rendered":"<p>Os Estados Unidos deportaram mais de 380 mil migrantes que entraram no pa\u00eds &#8220;ilegalmente ou sem autoriza\u00e7\u00e3o&#8221; nos \u00faltimos seis meses, um n\u00famero &#8220;recorde&#8221;, anunciou um funcion\u00e1rio do Departamento de Seguran\u00e7a Interna (DHS) nesta sexta-feira (17). Em maio, o governo do presidente democrata Joe Biden viu expirar uma norma sanit\u00e1ria que permitia bloquear na fronteira quase todos os migrantes que chegavam sem a documenta\u00e7\u00e3o necess\u00e1ria. Para compensar, foram introduzidas &#8220;vias legais&#8221; que obrigam os migrantes a marcar uma consulta atrav\u00e9s de um aplicativo de celular (CBP One) ou a realizar os tr\u00e2mites nos pa\u00edses por onde passam, por exemplo, recorrendo [&hellip;]<\/p>\n","protected":false},"author":1,"featured_media":56290,"comment_status":"open","ping_status":"closed","sticky":false,"template":"","format":"standard","meta":{"_links_to":"","_links_to_target":""},"categories":[4,3,1],"tags":[],"views":747,"_links":{"self":[{"href":"https:\/\/www.brazilianpress.com\/v1\/wp-json\/wp\/v2\/posts\/56289"}],"collection":[{"href":"https:\/\/www.brazilianpress.com\/v1\/wp-json\/wp\/v2\/posts"}],"about":[{"href":"https:\/\/www.brazilianpress.com\/v1\/wp-json\/wp\/v2\/types\/post"}],"author":[{"embeddable":true,"href":"https:\/\/www.brazilianpress.com\/v1\/wp-json\/wp\/v2\/users\/1"}],"replies":[{"embeddable":true,"href":"https:\/\/www.brazilianpress.com\/v1\/wp-json\/wp\/v2\/comments?post=56289"}],"version-history":[{"count":1,"href":"https:\/\/www.brazilianpress.com\/v1\/wp-json\/wp\/v2\/posts\/56289\/revisions"}],"predecessor-version":[{"id":56291,"href":"https:\/\/www.brazilianpress.com\/v1\/wp-json\/wp\/v2\/posts\/56289\/revisions\/56291"}],"wp:featuredmedia":[{"embeddable":true,"href":"https:\/\/www.brazilianpress.com\/v1\/wp-json\/wp\/v2\/media\/56290"}],"wp:attachment":[{"href":"https:\/\/www.brazilianpress.com\/v1\/wp-json\/wp\/v2\/media?parent=56289"}],"wp:term":[{"taxonomy":"category","embeddable":true,"href":"https:\/\/www.brazilianpress.com\/v1\/wp-json\/wp\/v2\/categories?post=56289"},{"taxonomy":"post_tag","embeddable":true,"href":"https:\/\/www.brazilianpress.com\/v1\/wp-json\/wp\/v2\/tags?post=56289"}],"curies":[{"name":"wp","href":"https:\/\/api.w.org\/{rel}","templated":true}]}}