{"id":56295,"date":"2023-11-20T12:07:42","date_gmt":"2023-11-20T16:07:42","guid":{"rendered":"https:\/\/www.brazilianpress.com\/v1\/?p=56295"},"modified":"2023-11-20T12:07:42","modified_gmt":"2023-11-20T16:07:42","slug":"mexico-100-imigrantes-sao-encontrados-amontoados-em-onibus-turistico","status":"publish","type":"post","link":"https:\/\/www.brazilianpress.com\/v1\/2023\/11\/20\/mexico-100-imigrantes-sao-encontrados-amontoados-em-onibus-turistico\/","title":{"rendered":"M\u00e9xico: 100 imigrantes s\u00e3o encontrados amontoados em \u00f4nibus tur\u00edstico"},"content":{"rendered":"<p><strong>Pelo menos 100 imigrantes foram encontrados amontoados dentro de um \u00f4nibus de turismo no \u00faltimo s\u00e1bado (18) na cidade de Tlaxcala, regi\u00e3o central do M\u00e9xico. De acordo com um comunicado do Instituto Nacional de Migra\u00e7\u00e3o (INM) do pa\u00eds, as pessoas foram identificadas durante uma opera\u00e7\u00e3o de rotina, ap\u00f3s agentes de imigra\u00e7\u00e3o pedirem ao motorista do \u00f4nibus para parar o ve\u00edculo.<\/strong><\/p>\n<p>Ap\u00f3s verificarem os documentos dos passageiros, o INM n\u00e3o conseguiu comprovar a perman\u00eancia regular no pa\u00eds de pelo menos 100 pessoas. Desse total, 98 s\u00e3o da Guatemala.<\/p>\n<p><img src=\"https:\/\/www.canal13mexico.com\/wp-content\/uploads\/2023\/11\/IMG-20231119-WA0020.jpg\" alt=\"Rescata INM a 100 migrantes en Tlaxcala, iban hacinados en autob\u00fas - Canal  13 M\u00e9xico\" \/><\/p>\n<p>Al\u00e9m dos que viajavam na parte de cima do \u00f4nibus, tamb\u00e9m foram encontrados tr\u00eas imigrantes dentro do porta-malas do ve\u00edculo. Segundo o INM, os passageiros adultos foram encaminhados ao servi\u00e7o de imigra\u00e7\u00e3o, enquanto os familiares e menores de idade ficaram sob tutela das autoridades do Sistema de Desenvolvimento da Fam\u00edlia Integral.<\/p>\n<p><img src=\"https:\/\/www.canal13mexico.com\/wp-content\/uploads\/2023\/11\/IMG-20231119-WA0021.jpg\" alt=\"Rescata INM a 100 migrantes en Tlaxcala, iban hacinados en autob\u00fas - Canal  13 M\u00e9xico\" \/><\/p>\n","protected":false},"excerpt":{"rendered":"<p>Pelo menos 100 imigrantes foram encontrados amontoados dentro de um \u00f4nibus de turismo no \u00faltimo s\u00e1bado (18) na cidade de Tlaxcala, regi\u00e3o central do M\u00e9xico. De acordo com um comunicado do Instituto Nacional de Migra\u00e7\u00e3o (INM) do pa\u00eds, as pessoas foram identificadas durante uma opera\u00e7\u00e3o de rotina, ap\u00f3s agentes de imigra\u00e7\u00e3o pedirem ao motorista do \u00f4nibus para parar o ve\u00edculo. Ap\u00f3s verificarem os documentos dos passageiros, o INM n\u00e3o conseguiu comprovar a perman\u00eancia regular no pa\u00eds de pelo menos 100 pessoas. Desse total, 98 s\u00e3o da Guatemala. Al\u00e9m dos que viajavam na parte de cima do \u00f4nibus, tamb\u00e9m foram encontrados [&hellip;]<\/p>\n","protected":false},"author":1,"featured_media":56296,"comment_status":"open","ping_status":"closed","sticky":false,"template":"","format":"standard","meta":{"_links_to":"","_links_to_target":""},"categories":[3,8,1],"tags":[],"views":719,"_links":{"self":[{"href":"https:\/\/www.brazilianpress.com\/v1\/wp-json\/wp\/v2\/posts\/56295"}],"collection":[{"href":"https:\/\/www.brazilianpress.com\/v1\/wp-json\/wp\/v2\/posts"}],"about":[{"href":"https:\/\/www.brazilianpress.com\/v1\/wp-json\/wp\/v2\/types\/post"}],"author":[{"embeddable":true,"href":"https:\/\/www.brazilianpress.com\/v1\/wp-json\/wp\/v2\/users\/1"}],"replies":[{"embeddable":true,"href":"https:\/\/www.brazilianpress.com\/v1\/wp-json\/wp\/v2\/comments?post=56295"}],"version-history":[{"count":1,"href":"https:\/\/www.brazilianpress.com\/v1\/wp-json\/wp\/v2\/posts\/56295\/revisions"}],"predecessor-version":[{"id":56297,"href":"https:\/\/www.brazilianpress.com\/v1\/wp-json\/wp\/v2\/posts\/56295\/revisions\/56297"}],"wp:featuredmedia":[{"embeddable":true,"href":"https:\/\/www.brazilianpress.com\/v1\/wp-json\/wp\/v2\/media\/56296"}],"wp:attachment":[{"href":"https:\/\/www.brazilianpress.com\/v1\/wp-json\/wp\/v2\/media?parent=56295"}],"wp:term":[{"taxonomy":"category","embeddable":true,"href":"https:\/\/www.brazilianpress.com\/v1\/wp-json\/wp\/v2\/categories?post=56295"},{"taxonomy":"post_tag","embeddable":true,"href":"https:\/\/www.brazilianpress.com\/v1\/wp-json\/wp\/v2\/tags?post=56295"}],"curies":[{"name":"wp","href":"https:\/\/api.w.org\/{rel}","templated":true}]}}