{"id":56299,"date":"2023-11-20T14:57:51","date_gmt":"2023-11-20T18:57:51","guid":{"rendered":"https:\/\/www.brazilianpress.com\/v1\/?p=56299"},"modified":"2023-11-20T14:57:51","modified_gmt":"2023-11-20T18:57:51","slug":"corpo-de-mineiro-encontrado-morto-com-o-namorado-em-quarto-de-navio-nos-eua-chega-ao-brasil","status":"publish","type":"post","link":"https:\/\/www.brazilianpress.com\/v1\/2023\/11\/20\/corpo-de-mineiro-encontrado-morto-com-o-namorado-em-quarto-de-navio-nos-eua-chega-ao-brasil\/","title":{"rendered":"Corpo de mineiro encontrado morto com o namorado em quarto de navio nos EUA chega ao Brasil"},"content":{"rendered":"<p><strong>O corpo de T\u00falio Gon\u00e7alves Lacerda, de 32 anos, encontrado morto com o namorado dentro do quarto de um navio em Los Angeles, EUA, chega ao Brasil nesta segunda-feira (20). O sepultamento est\u00e1 marcado para acontecer nesta ter\u00e7a ainda sem hor\u00e1rio definido.<\/strong><\/p>\n<p>A previs\u00e3o \u00e9 o avi\u00e3o trazendo o corpo do rapaz chegue \u00e0 capital mineira na noite desta segunda. O traslado do corpo at\u00e9 a cidade de Itaip\u00e9, onde vai acontecer o vel\u00f3rio e o enterro, ficou sob responsabilidade de uma funer\u00e1ria da cidade.<\/p>\n<p><img src=\"https:\/\/s2-g1.glbimg.com\/Yks7uTYHOs50XiA_O5-nFAWaz54=\/0x0:1599x1042\/984x0\/smart\/filters:strip_icc()\/i.s3.glbimg.com\/v1\/AUTH_59edd422c0c84a879bd37670ae4f538a\/internal_photos\/bs\/2023\/z\/u\/qAA4CTTASQgHD5Ihrq7Q\/whatsapp-image-2023-11-08-at-13.29.06.jpeg\" alt=\"Da direita para a esquerda T\u00falio Lacerda, de 32 anos, e o amigo, Jason Aguirre \u2014 Foto: Arquivo pessoal\/Redes sociais\" \/><\/p>\n<p>T\u00falio morava no pa\u00eds norte americano desde 2015. Da chegada at\u00e9 2018, morou em Massachusetts e, atualmente, residia em Washington D.C. T\u00falio era o ca\u00e7ula e tinha um irm\u00e3o e uma irm\u00e3. O itaipeense esteve no Brasil pela \u00faltima vez em maio deste ano. Participou do casamento de um familiar, visitou a fam\u00edlia em Itaip\u00e9 e permaneceu no pa\u00eds por quase dois meses. T\u00falio foi encontrado morto com o namorado Jason Aguirre, da Rep\u00fablica Dominicana, no dia 30 de outubro em Los Angeles, destino final de um cruzeiro de sete dias. As causas das mortes s\u00e3o investigas. O que a pol\u00edcia divulgou at\u00e9 o momento \u00e9 que n\u00e3o havia marcas de viol\u00eancia nos corpos.<\/p>\n<p><img src=\"https:\/\/s2-g1.glbimg.com\/jcf3-HHRml3RMNhV1fApujDGugM=\/0x0:1080x1307\/1008x0\/smart\/filters:strip_icc()\/i.s3.glbimg.com\/v1\/AUTH_59edd422c0c84a879bd37670ae4f538a\/internal_photos\/bs\/2023\/1\/E\/s23YwLR92moJSyNiVNGA\/whatsapp-image-2023-11-15-at-06.01.12.jpeg\" alt=\"Parecia que ele estava se despedindo de mim', disse a m\u00e3e de mineiro  encontrado morto com o namorado em quarto de navio nos EUA | Vales de Minas  Gerais | G1\" \/><\/p>\n<p><img src=\"https:\/\/s2-oglobo.glbimg.com\/8p2J4WbmrBSy-itVHjoOq_FCP6Y=\/0x3:679x712\/888x0\/smart\/filters:strip_icc()\/i.s3.glbimg.com\/v1\/AUTH_da025474c0c44edd99332dddb09cabe8\/internal_photos\/bs\/2023\/Q\/I\/o0vvXBSyuaDlYT8PhXfg\/whatsapp-image-2023-11-08-at-21.15.35-1-.jpeg\" alt=\"Mineiro, ex-militar e 'soldado de ferro': quem \u00e9 o brasileiro encontrado  morto em cabine de navio nos EUA\" \/><\/p>\n<p><img src=\"https:\/\/s2-g1.glbimg.com\/vrVcS49u9anFJ_L36uyvckNBMUc=\/0x0:608x793\/1008x0\/smart\/filters:strip_icc()\/i.s3.glbimg.com\/v1\/AUTH_59edd422c0c84a879bd37670ae4f538a\/internal_photos\/bs\/2023\/8\/L\/wsXBUATNecV1urCZO0IA\/whatsapp-image-2023-11-15-at-06.03.54.jpeg\" alt=\"Parecia que ele estava se despedindo de mim', disse a m\u00e3e de mineiro  encontrado morto com o namorado em quarto de navio nos EUA | Vales de Minas  Gerais | G1\" \/><\/p>\n","protected":false},"excerpt":{"rendered":"<p>O corpo de T\u00falio Gon\u00e7alves Lacerda, de 32 anos, encontrado morto com o namorado dentro do quarto de um navio em Los Angeles, EUA, chega ao Brasil nesta segunda-feira (20). O sepultamento est\u00e1 marcado para acontecer nesta ter\u00e7a ainda sem hor\u00e1rio definido. A previs\u00e3o \u00e9 o avi\u00e3o trazendo o corpo do rapaz chegue \u00e0 capital mineira na noite desta segunda. O traslado do corpo at\u00e9 a cidade de Itaip\u00e9, onde vai acontecer o vel\u00f3rio e o enterro, ficou sob responsabilidade de uma funer\u00e1ria da cidade. T\u00falio morava no pa\u00eds norte americano desde 2015. Da chegada at\u00e9 2018, morou em Massachusetts [&hellip;]<\/p>\n","protected":false},"author":1,"featured_media":56300,"comment_status":"open","ping_status":"closed","sticky":false,"template":"","format":"standard","meta":{"_links_to":"","_links_to_target":""},"categories":[4,3,1],"tags":[],"views":1058,"_links":{"self":[{"href":"https:\/\/www.brazilianpress.com\/v1\/wp-json\/wp\/v2\/posts\/56299"}],"collection":[{"href":"https:\/\/www.brazilianpress.com\/v1\/wp-json\/wp\/v2\/posts"}],"about":[{"href":"https:\/\/www.brazilianpress.com\/v1\/wp-json\/wp\/v2\/types\/post"}],"author":[{"embeddable":true,"href":"https:\/\/www.brazilianpress.com\/v1\/wp-json\/wp\/v2\/users\/1"}],"replies":[{"embeddable":true,"href":"https:\/\/www.brazilianpress.com\/v1\/wp-json\/wp\/v2\/comments?post=56299"}],"version-history":[{"count":1,"href":"https:\/\/www.brazilianpress.com\/v1\/wp-json\/wp\/v2\/posts\/56299\/revisions"}],"predecessor-version":[{"id":56301,"href":"https:\/\/www.brazilianpress.com\/v1\/wp-json\/wp\/v2\/posts\/56299\/revisions\/56301"}],"wp:featuredmedia":[{"embeddable":true,"href":"https:\/\/www.brazilianpress.com\/v1\/wp-json\/wp\/v2\/media\/56300"}],"wp:attachment":[{"href":"https:\/\/www.brazilianpress.com\/v1\/wp-json\/wp\/v2\/media?parent=56299"}],"wp:term":[{"taxonomy":"category","embeddable":true,"href":"https:\/\/www.brazilianpress.com\/v1\/wp-json\/wp\/v2\/categories?post=56299"},{"taxonomy":"post_tag","embeddable":true,"href":"https:\/\/www.brazilianpress.com\/v1\/wp-json\/wp\/v2\/tags?post=56299"}],"curies":[{"name":"wp","href":"https:\/\/api.w.org\/{rel}","templated":true}]}}