{"id":56640,"date":"2024-01-05T18:08:33","date_gmt":"2024-01-05T22:08:33","guid":{"rendered":"https:\/\/www.brazilianpress.com\/v1\/?p=56640"},"modified":"2024-01-05T18:08:33","modified_gmt":"2024-01-05T22:08:33","slug":"grupo-armado-sequestra-31-migrantes-na-fronteira-com-os-eua-a-maioria-venezuelanos","status":"publish","type":"post","link":"https:\/\/www.brazilianpress.com\/v1\/2024\/01\/05\/grupo-armado-sequestra-31-migrantes-na-fronteira-com-os-eua-a-maioria-venezuelanos\/","title":{"rendered":"Grupo armado sequestra 31 migrantes na fronteira com os EUA, a maioria venezuelanos"},"content":{"rendered":"<p><strong>Um grupo armado sequestrou pelo menos 31 migrantes, a maioria venezuelanos, quando viajavam no \u00faltimo s\u00e1bado em um caminh\u00e3o no estado mexicano de Tamaulipas, na fronteira com os Estados Unidos, conforme confirmou na ter\u00e7a-feira o presidente, Andr\u00e9s Manuel L\u00f3pez Obrador.<\/strong><\/p>\n<p>\u201cSabe-se que \u00e9 um caminh\u00e3o com 30 ou 31 migrantes que foram descarregados, deixaram cinco, levaram os outros migrantes, mas a busca j\u00e1 est\u00e1 sendo feita desde os primeiros momentos\u201d, explicou o presidente em declara\u00e7\u00f5es \u00e0 comunica\u00e7\u00e3o social depois de terminar sua confer\u00eancia matinal no estado de Tabasco, no sul do pa\u00eds.<\/p>\n<p>L\u00f3pez Obrador afirmou que a Secretaria de Seguran\u00e7a P\u00fablica e Cidad\u00e3 do governo federal investiga o caso, mas que ainda n\u00e3o se sabe qual grupo realizou o sequestro e por qual motivo.<\/p>\n<p>O presidente mexicano referiu-se a reportagens da imprensa nacional que indicam que o rapto dos estrangeiros ocorreu no s\u00e1bado na autoestrada Reynosa-Matamoros, mas o governador de Tamaulipas, Am\u00e9rico Villarreal, s\u00f3 confirmou o rapto na segunda-feira.<\/p>\n<p>Segundo relatos, os migrantes interceptados s\u00e3o em sua maioria venezuelanos que teriam sa\u00eddo da cidade de Monterrey, no norte, com destino a Matamoros, na fronteira com Brownsville, no Texas, para comparecer ao seu encontro de asilo humanit\u00e1rio nos Estados Unidos.<\/p>\n<p>O acontecimento ocorre depois de terem sido registrados, em dezembro, n\u00fameros hist\u00f3ricos de pessoas que procuraram entrar nos Estados Unidos pela fronteira com o M\u00e9xico, onde a Alf\u00e2ndega e Prote\u00e7\u00e3o de Fronteiras (CBP) confirmou no m\u00eas passado a chegada de mais de 2,2 milh\u00f5es de migrantes de janeiro a novembro.<\/p>\n","protected":false},"excerpt":{"rendered":"<p>Um grupo armado sequestrou pelo menos 31 migrantes, a maioria venezuelanos, quando viajavam no \u00faltimo s\u00e1bado em um caminh\u00e3o no estado mexicano de Tamaulipas, na fronteira com os Estados Unidos, conforme confirmou na ter\u00e7a-feira o presidente, Andr\u00e9s Manuel L\u00f3pez Obrador. \u201cSabe-se que \u00e9 um caminh\u00e3o com 30 ou 31 migrantes que foram descarregados, deixaram cinco, levaram os outros migrantes, mas a busca j\u00e1 est\u00e1 sendo feita desde os primeiros momentos\u201d, explicou o presidente em declara\u00e7\u00f5es \u00e0 comunica\u00e7\u00e3o social depois de terminar sua confer\u00eancia matinal no estado de Tabasco, no sul do pa\u00eds. L\u00f3pez Obrador afirmou que a Secretaria de Seguran\u00e7a [&hellip;]<\/p>\n","protected":false},"author":1,"featured_media":56641,"comment_status":"open","ping_status":"closed","sticky":false,"template":"","format":"standard","meta":{"_links_to":"","_links_to_target":""},"categories":[3,8,1],"tags":[],"views":711,"_links":{"self":[{"href":"https:\/\/www.brazilianpress.com\/v1\/wp-json\/wp\/v2\/posts\/56640"}],"collection":[{"href":"https:\/\/www.brazilianpress.com\/v1\/wp-json\/wp\/v2\/posts"}],"about":[{"href":"https:\/\/www.brazilianpress.com\/v1\/wp-json\/wp\/v2\/types\/post"}],"author":[{"embeddable":true,"href":"https:\/\/www.brazilianpress.com\/v1\/wp-json\/wp\/v2\/users\/1"}],"replies":[{"embeddable":true,"href":"https:\/\/www.brazilianpress.com\/v1\/wp-json\/wp\/v2\/comments?post=56640"}],"version-history":[{"count":1,"href":"https:\/\/www.brazilianpress.com\/v1\/wp-json\/wp\/v2\/posts\/56640\/revisions"}],"predecessor-version":[{"id":56642,"href":"https:\/\/www.brazilianpress.com\/v1\/wp-json\/wp\/v2\/posts\/56640\/revisions\/56642"}],"wp:featuredmedia":[{"embeddable":true,"href":"https:\/\/www.brazilianpress.com\/v1\/wp-json\/wp\/v2\/media\/56641"}],"wp:attachment":[{"href":"https:\/\/www.brazilianpress.com\/v1\/wp-json\/wp\/v2\/media?parent=56640"}],"wp:term":[{"taxonomy":"category","embeddable":true,"href":"https:\/\/www.brazilianpress.com\/v1\/wp-json\/wp\/v2\/categories?post=56640"},{"taxonomy":"post_tag","embeddable":true,"href":"https:\/\/www.brazilianpress.com\/v1\/wp-json\/wp\/v2\/tags?post=56640"}],"curies":[{"name":"wp","href":"https:\/\/api.w.org\/{rel}","templated":true}]}}