{"id":56643,"date":"2024-01-06T12:09:33","date_gmt":"2024-01-06T16:09:33","guid":{"rendered":"https:\/\/www.brazilianpress.com\/v1\/?p=56643"},"modified":"2024-01-06T12:09:33","modified_gmt":"2024-01-06T16:09:33","slug":"lula-adia-para-10-de-abril-retomada-da-exigencia-de-visto-para-turistas-de-eua-canada-e-australia","status":"publish","type":"post","link":"https:\/\/www.brazilianpress.com\/v1\/2024\/01\/06\/lula-adia-para-10-de-abril-retomada-da-exigencia-de-visto-para-turistas-de-eua-canada-e-australia\/","title":{"rendered":"Lula adia para 10 de abril retomada da exig\u00eancia de visto para turistas de EUA, Canad\u00e1 e Austr\u00e1lia"},"content":{"rendered":"<p><strong>O presidente Luiz In\u00e1cio Lula da Silva (PT) adiou para 10 de abril a retomada da cobran\u00e7a de visto para turistas que venham ao Brasil saindo dos Estados Unidos, do Canad\u00e1 e da Austr\u00e1lia. A medida foi oficializada em um decreto publicado em edi\u00e7\u00e3o extra do &#8220;Di\u00e1rio Oficial da Uni\u00e3o&#8221; nesta quinta-feira (4).<\/strong><\/p>\n<p>O governo adiou pela segunda vez a exig\u00eancia do visto. A data original era 1\u00ba de outubro de 2023 e depois foi postergada para 10 de janeiro de 2024. Agora, a nova data \u00e9 10 de abril. A exig\u00eancia levar\u00e1 em conta a data da chegada ao Brasil. &#8220;A prorroga\u00e7\u00e3o tem como inten\u00e7\u00e3o a conclus\u00e3o do processo de implementa\u00e7\u00e3o do sistema e evitar o in\u00edcio da implementa\u00e7\u00e3o em per\u00edodo pr\u00f3ximo \u00e0 alta temporada de viagens de fim e in\u00edcio de ano. A inten\u00e7\u00e3o \u00e9 garantir uma introdu\u00e7\u00e3o segura para a medida, sem consequ\u00eancias para o setor de turismo&#8221;, afirmou o governo em nota divulgada \u00e0 imprensa.<\/p>\n<p><img src=\"https:\/\/veja.abril.com.br\/wp-content\/uploads\/2023\/12\/53410152046_4b5c1dcae0_o.jpg?quality=90&amp;strip=info&amp;w=720&amp;h=440&amp;crop=1\" alt=\"Empres\u00e1rios reclamam de \u201cclube de ch\u00e1\u201d de Lula | VEJA\" \/><\/p>\n<p>Parlamentares articulavam a derrubada do decreto que previa a retomada da cobran\u00e7a em janeiro. A libera\u00e7\u00e3o da exig\u00eancia de visto para foi adotada em 2019, pelo ent\u00e3o presidente Jair Bolsonaro (PL), que n\u00e3o exigiu medida id\u00eantica para os brasileiros que pretendiam visitar esses pa\u00edses. Lula decidiu retomar a necessidade do documento baseado no princ\u00edpio da reciprocidade. O Brasil s\u00f3 deixa de exigir o visto se houver igual contrapartida do outro pa\u00eds.<\/p>\n","protected":false},"excerpt":{"rendered":"<p>O presidente Luiz In\u00e1cio Lula da Silva (PT) adiou para 10 de abril a retomada da cobran\u00e7a de visto para turistas que venham ao Brasil saindo dos Estados Unidos, do Canad\u00e1 e da Austr\u00e1lia. A medida foi oficializada em um decreto publicado em edi\u00e7\u00e3o extra do &#8220;Di\u00e1rio Oficial da Uni\u00e3o&#8221; nesta quinta-feira (4). O governo adiou pela segunda vez a exig\u00eancia do visto. A data original era 1\u00ba de outubro de 2023 e depois foi postergada para 10 de janeiro de 2024. Agora, a nova data \u00e9 10 de abril. A exig\u00eancia levar\u00e1 em conta a data da chegada ao [&hellip;]<\/p>\n","protected":false},"author":1,"featured_media":56644,"comment_status":"open","ping_status":"closed","sticky":false,"template":"","format":"standard","meta":{"_links_to":"","_links_to_target":""},"categories":[7,3,1],"tags":[],"views":637,"_links":{"self":[{"href":"https:\/\/www.brazilianpress.com\/v1\/wp-json\/wp\/v2\/posts\/56643"}],"collection":[{"href":"https:\/\/www.brazilianpress.com\/v1\/wp-json\/wp\/v2\/posts"}],"about":[{"href":"https:\/\/www.brazilianpress.com\/v1\/wp-json\/wp\/v2\/types\/post"}],"author":[{"embeddable":true,"href":"https:\/\/www.brazilianpress.com\/v1\/wp-json\/wp\/v2\/users\/1"}],"replies":[{"embeddable":true,"href":"https:\/\/www.brazilianpress.com\/v1\/wp-json\/wp\/v2\/comments?post=56643"}],"version-history":[{"count":1,"href":"https:\/\/www.brazilianpress.com\/v1\/wp-json\/wp\/v2\/posts\/56643\/revisions"}],"predecessor-version":[{"id":56645,"href":"https:\/\/www.brazilianpress.com\/v1\/wp-json\/wp\/v2\/posts\/56643\/revisions\/56645"}],"wp:featuredmedia":[{"embeddable":true,"href":"https:\/\/www.brazilianpress.com\/v1\/wp-json\/wp\/v2\/media\/56644"}],"wp:attachment":[{"href":"https:\/\/www.brazilianpress.com\/v1\/wp-json\/wp\/v2\/media?parent=56643"}],"wp:term":[{"taxonomy":"category","embeddable":true,"href":"https:\/\/www.brazilianpress.com\/v1\/wp-json\/wp\/v2\/categories?post=56643"},{"taxonomy":"post_tag","embeddable":true,"href":"https:\/\/www.brazilianpress.com\/v1\/wp-json\/wp\/v2\/tags?post=56643"}],"curies":[{"name":"wp","href":"https:\/\/api.w.org\/{rel}","templated":true}]}}