{"id":56655,"date":"2024-01-09T17:56:51","date_gmt":"2024-01-09T21:56:51","guid":{"rendered":"https:\/\/www.brazilianpress.com\/v1\/?p=56655"},"modified":"2024-01-09T17:56:51","modified_gmt":"2024-01-09T21:56:51","slug":"economista-e-ex-bbb-e-mais-uma-vez-barrado-pela-imigracao-dos-eua-mesmo-com-visto-em-dia","status":"publish","type":"post","link":"https:\/\/www.brazilianpress.com\/v1\/2024\/01\/09\/economista-e-ex-bbb-e-mais-uma-vez-barrado-pela-imigracao-dos-eua-mesmo-com-visto-em-dia\/","title":{"rendered":"Economista e ex-BBB \u00e9 mais uma vez barrado pela imigra\u00e7\u00e3o dos EUA, mesmo com visto em dia"},"content":{"rendered":"<p><strong>O economista Gilberto Nogueira, mais conhecido como Gil do Vigor, foi barrado novamente pelos agentes de imigra\u00e7\u00e3o dos Estados Unidos. O autor de \u201cTem que Vigorar\u201d relatou o fato em seu perfil oficial no X (antigo Twitter), mostrando-se indignado pela sucess\u00e3o desses epis\u00f3dios.<\/strong><\/p>\n<p>Gilberto, que atualmente divide sua vida entre Brasil e Estados Unidos, voltava \u00e0 Calif\u00f3rnia para a continua\u00e7\u00e3o de seus estudos quando foi barrado. No desabafo feito em sua conta no X, Gil do Vigor demonstra frustra\u00e7\u00e3o com a forma pela qual \u00e9 tratado pelos agentes da imigra\u00e7\u00e3o americana.<\/p>\n<p><img src=\"https:\/\/s2-quem.glbimg.com\/BtdQ2jTXGt8Q2naF-RwrWbqFzoY=\/0x0:1284x2282\/984x0\/smart\/filters:strip_icc()\/i.s3.glbimg.com\/v1\/AUTH_b0f0e84207c948ab8b8777be5a6a4395\/internal_photos\/bs\/2024\/q\/N\/OJ5BtOTRian7Bhl7llhg\/gil-do-vigor-.png\" alt=\"Gil do Vigor desabafa ao ser parado em imigra\u00e7\u00e3o nos EUA: 'Muito humilhante'\" \/><\/p>\n<p>\u201cSempre barrado na imigra\u00e7\u00e3o. \u00c9 muita vontade de estudar mesmo, viu? Ainda colocam a pessoa plantada para esperar n\u00e3o sei quem, com um monte de gente nos olhando, achando que somos algo errado. Paci\u00eancia! Paci\u00eancia, Gilberto, paci\u00eancia.\u201d, postou o economista. Mesmo diante dos obst\u00e1culos, Gilberto reafirmou seu compromisso com sua forma\u00e7\u00e3o acad\u00eamica, apesar do cansa\u00e7o que a situa\u00e7\u00e3o provoca. \u201cToda vez a mesma palha\u00e7ada de me levarem para a sala de verifica\u00e7\u00e3o. Quero muito meu PhD, mas cansa \u00e0s vezes.\u201d<\/p>\n<p>Em fevereiro de 2023, Gil tamb\u00e9m passou pelo mesmo transtorno. Segundo ele, os agentes de imigra\u00e7\u00e3o estranharam as frequentes viagens ao Brasil. \u201cEles falaram assim: \u2018Como assim voc\u00ea foi um dia ao Brasil e voltou no outro?\u2019. E eu respondi que tinha ido trabalhar.\u201d \u00c9 not\u00e1vel a luta de Gilberto para equilibrar suas responsabilidades acad\u00eamicas com as demandas de sua vida pessoal e profissional no Brasil. Este epis\u00f3dio mais recente revela mais uma vez as dificuldades enfrentadas por indiv\u00edduos na situa\u00e7\u00e3o de Gil do Vigor, que se dividem entre dois pa\u00edses na busca de seus sonhos e objetivos.<\/p>\n","protected":false},"excerpt":{"rendered":"<p>O economista Gilberto Nogueira, mais conhecido como Gil do Vigor, foi barrado novamente pelos agentes de imigra\u00e7\u00e3o dos Estados Unidos. O autor de \u201cTem que Vigorar\u201d relatou o fato em seu perfil oficial no X (antigo Twitter), mostrando-se indignado pela sucess\u00e3o desses epis\u00f3dios. Gilberto, que atualmente divide sua vida entre Brasil e Estados Unidos, voltava \u00e0 Calif\u00f3rnia para a continua\u00e7\u00e3o de seus estudos quando foi barrado. No desabafo feito em sua conta no X, Gil do Vigor demonstra frustra\u00e7\u00e3o com a forma pela qual \u00e9 tratado pelos agentes da imigra\u00e7\u00e3o americana. \u201cSempre barrado na imigra\u00e7\u00e3o. \u00c9 muita vontade de estudar [&hellip;]<\/p>\n","protected":false},"author":1,"featured_media":56656,"comment_status":"open","ping_status":"closed","sticky":false,"template":"","format":"standard","meta":{"_links_to":"","_links_to_target":""},"categories":[4,3,1],"tags":[],"views":845,"_links":{"self":[{"href":"https:\/\/www.brazilianpress.com\/v1\/wp-json\/wp\/v2\/posts\/56655"}],"collection":[{"href":"https:\/\/www.brazilianpress.com\/v1\/wp-json\/wp\/v2\/posts"}],"about":[{"href":"https:\/\/www.brazilianpress.com\/v1\/wp-json\/wp\/v2\/types\/post"}],"author":[{"embeddable":true,"href":"https:\/\/www.brazilianpress.com\/v1\/wp-json\/wp\/v2\/users\/1"}],"replies":[{"embeddable":true,"href":"https:\/\/www.brazilianpress.com\/v1\/wp-json\/wp\/v2\/comments?post=56655"}],"version-history":[{"count":1,"href":"https:\/\/www.brazilianpress.com\/v1\/wp-json\/wp\/v2\/posts\/56655\/revisions"}],"predecessor-version":[{"id":56657,"href":"https:\/\/www.brazilianpress.com\/v1\/wp-json\/wp\/v2\/posts\/56655\/revisions\/56657"}],"wp:featuredmedia":[{"embeddable":true,"href":"https:\/\/www.brazilianpress.com\/v1\/wp-json\/wp\/v2\/media\/56656"}],"wp:attachment":[{"href":"https:\/\/www.brazilianpress.com\/v1\/wp-json\/wp\/v2\/media?parent=56655"}],"wp:term":[{"taxonomy":"category","embeddable":true,"href":"https:\/\/www.brazilianpress.com\/v1\/wp-json\/wp\/v2\/categories?post=56655"},{"taxonomy":"post_tag","embeddable":true,"href":"https:\/\/www.brazilianpress.com\/v1\/wp-json\/wp\/v2\/tags?post=56655"}],"curies":[{"name":"wp","href":"https:\/\/api.w.org\/{rel}","templated":true}]}}