{"id":56674,"date":"2024-01-10T15:39:22","date_gmt":"2024-01-10T19:39:22","guid":{"rendered":"https:\/\/www.brazilianpress.com\/v1\/?p=56674"},"modified":"2024-01-10T15:39:22","modified_gmt":"2024-01-10T19:39:22","slug":"beneficiados-com-daca-enfrentam-um-2024-de-incertezas","status":"publish","type":"post","link":"https:\/\/www.brazilianpress.com\/v1\/2024\/01\/10\/beneficiados-com-daca-enfrentam-um-2024-de-incertezas\/","title":{"rendered":"Beneficiados com DACA enfrentam um 2024 de incertezas"},"content":{"rendered":"<p><strong>Os quase 600.000 imigrantes indocumentados beneficiados pela A\u00e7\u00e3o Diferida para Chegadas Infantis (DACA) enfrentar\u00e3o em 2024 um ano cheio de incertezas antes das elei\u00e7\u00f5es e da possibilidade do retorno ao poder do ex-presidente Donald Trump, que ficou obcecado em encerrar o programa .<\/strong><\/p>\n<p>O maior problema destes imigrantes, \u00e9 que 2024 \u201cinfelizmente\u201d \u00e9 ano de elei\u00e7\u00f5es presidenciais, explica Miguel Tinker Salas, professor de Hist\u00f3ria e Estudos Latinos no Pomona College, em Claremont, Calif\u00f3rnia. .<\/p>\n<p>\u201cNenhum partido vai se comprometer a avan\u00e7ar com um projeto de lei que possa dar a esses imigrantes um caminho para a cidadania em meio a uma campanha eleitoral\u201d, disse o professor.<\/p>\n<p>Isto apesar de os Democratas e o Presidente Joe Biden se terem comprometido, quando chegaram ao poder em 2021, a promover e aprovar no Congresso um projecto que concederia resid\u00eancia permanente aos abrangidos pelo DACA.<\/p>\n<p>Especialistas consideram que o atual Congresso \u201cn\u00e3o est\u00e1 empenhado\u201d em proteger os 578.680 imigrantes indocumentados que atualmente se beneficiam do programa, segundo dados do Migration Policy Institute (MPI).<\/p>\n<p>Soma-se a este cen\u00e1rio a possibilidade do regresso \u00e0 Casa Branca do ex-Presidente Trump, que durante o seu mandato (2017-2021) ordenou o fim do programa e obrigou os sonhadores a recorrer \u00e0 justi\u00e7a para manter os seus benef\u00edcios.<\/p>\n<p>O Supremo Tribunal dos Estados Unidos decidiu em junho de 2020 a favor dos benefici\u00e1rios, argumentando que Trump eliminou o DACA ilegalmente.\u00a0Mas a decis\u00e3o n\u00e3o impede o republicano de tentar novamente acabar com o programa, institu\u00eddo em 2012 pelo governo de Barack Obama (2009-2017).<\/p>\n<p>Num com\u00edcio recente em New Hampshire, Trump prometeu que se regressar \u00e0 Casa Branca iniciar\u00e1 \u201ca maior e mais massiva opera\u00e7\u00e3o de deporta\u00e7\u00e3o do pa\u00eds\u00a0\u201d.<\/p>\n<p>A DACA enfrenta outro desafio legal apresentado por v\u00e1rios estados republicanos liderados pelo Texas.\u00a0Em setembro passado, o juiz federal Andrew Hanen decidiu que o programa viola a Lei de Procedimento Administrativo, que rege a forma como as ag\u00eancias elaboram regulamentos.<\/p>\n<p>Hanen escreveu em sua decis\u00e3o que a solu\u00e7\u00e3o para os Dreamers \u201cest\u00e1 no poder legislativo e n\u00e3o no poder executivo ou judici\u00e1rio\u201d.<\/p>\n<p>O juiz deixou o programa parado e permitiu que os protegidos renovassem o benef\u00edcio enquanto tramitava o recurso, mas n\u00e3o permitiu que novos pedidos fossem aceitos.\u00a0O MPI estima que 1,1 milh\u00f5es de imigrantes indocumentados se qualificam para o DACA.<\/p>\n<p>A batalha legal dever\u00e1 chegar novamente ao mais alto tribunal dos EUA.\u00a0Mas desta vez o quadro \u00e9 diferente, j\u00e1 que dois ju\u00edzes que votaram a favor do DACA j\u00e1 n\u00e3o fazem parte do Tribunal, e um deles (Ruth Bader Ginsburg) foi substitu\u00eddo por Amy Coney Barret, de inclina\u00e7\u00e3o conservadora.<\/p>\n<p>Dadas as perspectivas desanimadoras, a organiza\u00e7\u00e3o liderada por Ruiz, como outras, concentrar-se-\u00e1 no pr\u00f3ximo ano em encorajar o voto a favor de candidatos que apoiam os sonhadores. Por sua vez, Tinker Salas espera que os eleitores n\u00e3o se esque\u00e7am deste grupo que representa \u201ctudo o que h\u00e1 de positivo\u201d sobre os imigrantes.\u00a0\u201cH\u00e1 uma d\u00edvida com eles\u201d, ressaltou.<\/p>\n","protected":false},"excerpt":{"rendered":"<p>Os quase 600.000 imigrantes indocumentados beneficiados pela A\u00e7\u00e3o Diferida para Chegadas Infantis (DACA) enfrentar\u00e3o em 2024 um ano cheio de incertezas antes das elei\u00e7\u00f5es e da possibilidade do retorno ao poder do ex-presidente Donald Trump, que ficou obcecado em encerrar o programa . O maior problema destes imigrantes, \u00e9 que 2024 \u201cinfelizmente\u201d \u00e9 ano de elei\u00e7\u00f5es presidenciais, explica Miguel Tinker Salas, professor de Hist\u00f3ria e Estudos Latinos no Pomona College, em Claremont, Calif\u00f3rnia. . \u201cNenhum partido vai se comprometer a avan\u00e7ar com um projeto de lei que possa dar a esses imigrantes um caminho para a cidadania em meio a [&hellip;]<\/p>\n","protected":false},"author":1,"featured_media":56675,"comment_status":"open","ping_status":"closed","sticky":false,"template":"","format":"standard","meta":{"_links_to":"","_links_to_target":""},"categories":[3,1,10],"tags":[],"views":992,"_links":{"self":[{"href":"https:\/\/www.brazilianpress.com\/v1\/wp-json\/wp\/v2\/posts\/56674"}],"collection":[{"href":"https:\/\/www.brazilianpress.com\/v1\/wp-json\/wp\/v2\/posts"}],"about":[{"href":"https:\/\/www.brazilianpress.com\/v1\/wp-json\/wp\/v2\/types\/post"}],"author":[{"embeddable":true,"href":"https:\/\/www.brazilianpress.com\/v1\/wp-json\/wp\/v2\/users\/1"}],"replies":[{"embeddable":true,"href":"https:\/\/www.brazilianpress.com\/v1\/wp-json\/wp\/v2\/comments?post=56674"}],"version-history":[{"count":1,"href":"https:\/\/www.brazilianpress.com\/v1\/wp-json\/wp\/v2\/posts\/56674\/revisions"}],"predecessor-version":[{"id":56676,"href":"https:\/\/www.brazilianpress.com\/v1\/wp-json\/wp\/v2\/posts\/56674\/revisions\/56676"}],"wp:featuredmedia":[{"embeddable":true,"href":"https:\/\/www.brazilianpress.com\/v1\/wp-json\/wp\/v2\/media\/56675"}],"wp:attachment":[{"href":"https:\/\/www.brazilianpress.com\/v1\/wp-json\/wp\/v2\/media?parent=56674"}],"wp:term":[{"taxonomy":"category","embeddable":true,"href":"https:\/\/www.brazilianpress.com\/v1\/wp-json\/wp\/v2\/categories?post=56674"},{"taxonomy":"post_tag","embeddable":true,"href":"https:\/\/www.brazilianpress.com\/v1\/wp-json\/wp\/v2\/tags?post=56674"}],"curies":[{"name":"wp","href":"https:\/\/api.w.org\/{rel}","templated":true}]}}