{"id":56680,"date":"2024-01-10T15:52:55","date_gmt":"2024-01-10T19:52:55","guid":{"rendered":"https:\/\/www.brazilianpress.com\/v1\/?p=56680"},"modified":"2024-01-10T15:52:55","modified_gmt":"2024-01-10T19:52:55","slug":"comunidade-aumento-de-pedagios-em-pontes-e-tuneis-do-acesso-entre-ny-e-nj-entra-em-vigor-domingo-14","status":"publish","type":"post","link":"https:\/\/www.brazilianpress.com\/v1\/2024\/01\/10\/comunidade-aumento-de-pedagios-em-pontes-e-tuneis-do-acesso-entre-ny-e-nj-entra-em-vigor-domingo-14\/","title":{"rendered":"Comunidade: Aumento de ped\u00e1gios em pontes e t\u00faneis do acesso entre NY e NJ entra em vigor domingo, 14"},"content":{"rendered":"<p><strong>Ajustes autom\u00e1ticos de ped\u00e1gio com base na infla\u00e7\u00e3o em todas as pontes e t\u00faneis da Autoridade Portu\u00e1ria de New York e New Jersey entrar\u00e3o em vigor no domingo.<\/strong><\/p>\n<p>De acordo com a ag\u00eancia multiestadual de transportes, o reajuste do ped\u00e1gio \u00e9 de US$ 0,63.\u00a0Os ped\u00e1gios s\u00e3o apenas de ida e os ajustes tornar\u00e3o os ped\u00e1gios da Autoridade Portu\u00e1ria semelhantes aos ped\u00e1gios de ida e volta em outros sistemas regionais.<\/p>\n<p>O aumento das portagens em pontes e t\u00faneis n\u00e3o \u00e9 o \u00fanico que a Autoridade Portu\u00e1ria aprovou. Em 3 de mar\u00e7o, os sistemas ferrovi\u00e1rios AirTrain tamb\u00e9m ter\u00e3o seu pr\u00f3prio aumento de US$ 0,25.<\/p>\n<p>As tarifas no PATH permanecer\u00e3o inalteradas.\u00a0Os descontos em ped\u00e1gios de pontes e t\u00faneis e os planos de tarifas do AirTrain permanecer\u00e3o em vigor, assim como o Plano de Pontes\u00a0de State Island das autoridades portu\u00e1rias.<\/p>\n","protected":false},"excerpt":{"rendered":"<p>Ajustes autom\u00e1ticos de ped\u00e1gio com base na infla\u00e7\u00e3o em todas as pontes e t\u00faneis da Autoridade Portu\u00e1ria de New York e New Jersey entrar\u00e3o em vigor no domingo. De acordo com a ag\u00eancia multiestadual de transportes, o reajuste do ped\u00e1gio \u00e9 de US$ 0,63.\u00a0Os ped\u00e1gios s\u00e3o apenas de ida e os ajustes tornar\u00e3o os ped\u00e1gios da Autoridade Portu\u00e1ria semelhantes aos ped\u00e1gios de ida e volta em outros sistemas regionais. O aumento das portagens em pontes e t\u00faneis n\u00e3o \u00e9 o \u00fanico que a Autoridade Portu\u00e1ria aprovou. Em 3 de mar\u00e7o, os sistemas ferrovi\u00e1rios AirTrain tamb\u00e9m ter\u00e3o seu pr\u00f3prio aumento de [&hellip;]<\/p>\n","protected":false},"author":1,"featured_media":56681,"comment_status":"open","ping_status":"closed","sticky":false,"template":"","format":"standard","meta":{"_links_to":"","_links_to_target":""},"categories":[4,3,1],"tags":[],"views":1047,"_links":{"self":[{"href":"https:\/\/www.brazilianpress.com\/v1\/wp-json\/wp\/v2\/posts\/56680"}],"collection":[{"href":"https:\/\/www.brazilianpress.com\/v1\/wp-json\/wp\/v2\/posts"}],"about":[{"href":"https:\/\/www.brazilianpress.com\/v1\/wp-json\/wp\/v2\/types\/post"}],"author":[{"embeddable":true,"href":"https:\/\/www.brazilianpress.com\/v1\/wp-json\/wp\/v2\/users\/1"}],"replies":[{"embeddable":true,"href":"https:\/\/www.brazilianpress.com\/v1\/wp-json\/wp\/v2\/comments?post=56680"}],"version-history":[{"count":1,"href":"https:\/\/www.brazilianpress.com\/v1\/wp-json\/wp\/v2\/posts\/56680\/revisions"}],"predecessor-version":[{"id":56682,"href":"https:\/\/www.brazilianpress.com\/v1\/wp-json\/wp\/v2\/posts\/56680\/revisions\/56682"}],"wp:featuredmedia":[{"embeddable":true,"href":"https:\/\/www.brazilianpress.com\/v1\/wp-json\/wp\/v2\/media\/56681"}],"wp:attachment":[{"href":"https:\/\/www.brazilianpress.com\/v1\/wp-json\/wp\/v2\/media?parent=56680"}],"wp:term":[{"taxonomy":"category","embeddable":true,"href":"https:\/\/www.brazilianpress.com\/v1\/wp-json\/wp\/v2\/categories?post=56680"},{"taxonomy":"post_tag","embeddable":true,"href":"https:\/\/www.brazilianpress.com\/v1\/wp-json\/wp\/v2\/tags?post=56680"}],"curies":[{"name":"wp","href":"https:\/\/api.w.org\/{rel}","templated":true}]}}