{"id":56691,"date":"2024-01-11T12:30:07","date_gmt":"2024-01-11T16:30:07","guid":{"rendered":"https:\/\/www.brazilianpress.com\/v1\/?p=56691"},"modified":"2024-01-11T12:30:07","modified_gmt":"2024-01-11T16:30:07","slug":"adiada-exigencia-de-visto-para-turistas-dos-eua-canada-e-australia","status":"publish","type":"post","link":"https:\/\/www.brazilianpress.com\/v1\/2024\/01\/11\/adiada-exigencia-de-visto-para-turistas-dos-eua-canada-e-australia\/","title":{"rendered":"Adiada exig\u00eancia de visto para turistas dos EUA, Canad\u00e1 e Austr\u00e1lia"},"content":{"rendered":"<p><strong>A exig\u00eancia de visto para turistas do Canad\u00e1, da Austr\u00e1lia e dos Estados Unidos (EUA) entrarem no Brasil\u00a0foi adiada\u00a0para o dia 10 de abril. O requisito seria retomado no pr\u00f3ximo dia 10 de janeiro, mas um decreto assinado pelo presidente Luiz In\u00e1cio Lula da Silva prorrogou a mudan\u00e7a. O texto foi publicado em edi\u00e7\u00e3o extra do\u00a0Di\u00e1rio Oficial da Uni\u00e3o (DOU), nesta quinta-feira (4).<\/strong><\/p>\n<p>O governo informou que o adiamento ocorre em fun\u00e7\u00e3o da necessidade de conclus\u00e3o do processo de implementa\u00e7\u00e3o do sistema e para evitar o in\u00edcio da implementa\u00e7\u00e3o da exig\u00eancia durante a alta temporada de viagens de fim e in\u00edcio de ano. &#8220;A inten\u00e7\u00e3o \u00e9 garantir uma introdu\u00e7\u00e3o segura para a medida, sem consequ\u00eancias para o setor de turismo&#8221;, informou nota divulgada pela assessoria do Pal\u00e1cio do Planalto.<\/p>\n<p><strong>Sem reciprocidade<\/strong><\/p>\n<p>Em 2019, o ex-presidente Jair Bolsonaro editou decreto para liberar a exig\u00eancia de vistos de turistas para cidad\u00e3os dos tr\u00eas pa\u00edses, e tamb\u00e9m do Jap\u00e3o, mas sem reciprocidade, ou seja, os turistas brasileiros continuaram tendo que obter visto para entrar nos EUA, Austr\u00e1lia e Canad\u00e1.<\/p>\n<p>Em setembro do ano passado, come\u00e7ou a valer a\u00a0dispensa de vistos de brasileiros\u00a0para turismo no Jap\u00e3o, ap\u00f3s um acordo assinado o presidente Lula e o primeiro-ministro do Jap\u00e3o, Fumio Kishida, durante a C\u00fapula do G7, realizada na cidade japonesa de Hiroshima, no primeiro semestre de 2023.<\/p>\n<p>A retomada da exig\u00eancia do visto \u00e9 uma medida baseada no princ\u00edpio da reciprocidade historicamente adotado pela diplomacia brasileira. (ABr)<\/p>\n","protected":false},"excerpt":{"rendered":"<p>A exig\u00eancia de visto para turistas do Canad\u00e1, da Austr\u00e1lia e dos Estados Unidos (EUA) entrarem no Brasil\u00a0foi adiada\u00a0para o dia 10 de abril. O requisito seria retomado no pr\u00f3ximo dia 10 de janeiro, mas um decreto assinado pelo presidente Luiz In\u00e1cio Lula da Silva prorrogou a mudan\u00e7a. O texto foi publicado em edi\u00e7\u00e3o extra do\u00a0Di\u00e1rio Oficial da Uni\u00e3o (DOU), nesta quinta-feira (4). O governo informou que o adiamento ocorre em fun\u00e7\u00e3o da necessidade de conclus\u00e3o do processo de implementa\u00e7\u00e3o do sistema e para evitar o in\u00edcio da implementa\u00e7\u00e3o da exig\u00eancia durante a alta temporada de viagens de fim e [&hellip;]<\/p>\n","protected":false},"author":1,"featured_media":42327,"comment_status":"open","ping_status":"closed","sticky":false,"template":"","format":"standard","meta":{"_links_to":"","_links_to_target":""},"categories":[7,1],"tags":[],"views":686,"_links":{"self":[{"href":"https:\/\/www.brazilianpress.com\/v1\/wp-json\/wp\/v2\/posts\/56691"}],"collection":[{"href":"https:\/\/www.brazilianpress.com\/v1\/wp-json\/wp\/v2\/posts"}],"about":[{"href":"https:\/\/www.brazilianpress.com\/v1\/wp-json\/wp\/v2\/types\/post"}],"author":[{"embeddable":true,"href":"https:\/\/www.brazilianpress.com\/v1\/wp-json\/wp\/v2\/users\/1"}],"replies":[{"embeddable":true,"href":"https:\/\/www.brazilianpress.com\/v1\/wp-json\/wp\/v2\/comments?post=56691"}],"version-history":[{"count":1,"href":"https:\/\/www.brazilianpress.com\/v1\/wp-json\/wp\/v2\/posts\/56691\/revisions"}],"predecessor-version":[{"id":56692,"href":"https:\/\/www.brazilianpress.com\/v1\/wp-json\/wp\/v2\/posts\/56691\/revisions\/56692"}],"wp:featuredmedia":[{"embeddable":true,"href":"https:\/\/www.brazilianpress.com\/v1\/wp-json\/wp\/v2\/media\/42327"}],"wp:attachment":[{"href":"https:\/\/www.brazilianpress.com\/v1\/wp-json\/wp\/v2\/media?parent=56691"}],"wp:term":[{"taxonomy":"category","embeddable":true,"href":"https:\/\/www.brazilianpress.com\/v1\/wp-json\/wp\/v2\/categories?post=56691"},{"taxonomy":"post_tag","embeddable":true,"href":"https:\/\/www.brazilianpress.com\/v1\/wp-json\/wp\/v2\/tags?post=56691"}],"curies":[{"name":"wp","href":"https:\/\/api.w.org\/{rel}","templated":true}]}}