{"id":567,"date":"2013-05-16T00:05:25","date_gmt":"2013-05-16T04:05:25","guid":{"rendered":"http:\/\/www.brazilianpress.com\/v1\/?p=567"},"modified":"2013-05-23T15:56:28","modified_gmt":"2013-05-23T19:56:28","slug":"preta-gil-nos-estados-unidos","status":"publish","type":"post","link":"https:\/\/www.brazilianpress.com\/v1\/2013\/05\/16\/preta-gil-nos-estados-unidos\/","title":{"rendered":"Preta Gil nos Estados Unidos"},"content":{"rendered":"<p><em>Cantora far\u00e1 apresenta\u00e7\u00e3o no Central Park no dia 17 de Junho<\/em><\/p>\n<p><strong>Por Juliana Guimar\u00e3es<\/strong><\/p>\n<p>Conhecida pela anima\u00e7\u00e3o,\u00a0Preta Gil<strong>,<\/strong> 38, mostrou que n\u00e3o tem tempo feio para ela. Ap\u00f3s confirma\u00e7\u00e3o do fim do seu casamento de quatro anos com o mergulhador Carlos Henrique Lima<strong>, <\/strong>a cantora j\u00e1 est\u00e1 se apresentando pelo Brasil.<\/p>\n\n\t\t<style type=\"text\/css\">\n\t\t\t#gallery-1 {\n\t\t\t\tmargin: auto;\n\t\t\t}\n\t\t\t#gallery-1 .gallery-item {\n\t\t\t\tfloat: left;\n\t\t\t\tmargin-top: 10px;\n\t\t\t\ttext-align: center;\n\t\t\t\twidth: 50%;\n\t\t\t}\n\t\t\t#gallery-1 img {\n\t\t\t\tborder: 2px solid #cfcfcf;\n\t\t\t}\n\t\t\t#gallery-1 .gallery-caption {\n\t\t\t\tmargin-left: 0;\n\t\t\t}\n\t\t\t\/* see gallery_shortcode() in wp-includes\/media.php *\/\n\t\t<\/style>\n\t\t<div id='gallery-1' class='gallery galleryid-567 gallery-columns-2 gallery-size-thumbnail'><dl class='gallery-item'>\n\t\t\t<dt class='gallery-icon landscape'>\n\t\t\t\t<a href=\"https:\/\/www.brazilianpress.com\/v1\/wp-content\/uploads\/2013\/05\/preta-gil-1627-1.jpg\" class=\"gallery_colorbox\"><img width=\"150\" height=\"150\" src=\"https:\/\/www.brazilianpress.com\/v1\/wp-content\/uploads\/2013\/05\/preta-gil-1627-1-150x150.jpg\"  class=\"attachment-thumbnail size-thumbnail\" alt=\"\" loading=\"lazy\" \/><\/a>\n\t\t\t<\/dt><\/dl><dl class='gallery-item'>\n\t\t\t<dt class='gallery-icon landscape'>\n\t\t\t\t<a href=\"https:\/\/www.brazilianpress.com\/v1\/wp-content\/uploads\/2013\/05\/preta-gil-1627-2.jpg\" class=\"gallery_colorbox\"><img width=\"150\" height=\"150\" src=\"https:\/\/www.brazilianpress.com\/v1\/wp-content\/uploads\/2013\/05\/preta-gil-1627-2-150x150.jpg\"  class=\"attachment-thumbnail size-thumbnail\" alt=\"\" loading=\"lazy\" \/><\/a>\n\t\t\t<\/dt><\/dl><br style=\"clear: both\" \/>\n\t\t<\/div>\n\n<p>Em \u00a0Florian\u00f3polis, cidade localizada no Sul do Brasil; \u00a0no s\u00e1bado (11\/05), \u00a0a cantora carioca, filha de Gilberto Gil; \u00a0fez show em uma famosa casa noturna na cidade o P12, localizado em Jurer\u00ea Internacional, com a turn\u00ea \u201cSou Como Sou\u201d.<\/p>\n<p>A cantora contou que sua m\u00fasica representa no cen\u00e1rio brasileiro a diversidade, MPB, Rock, Ax\u00e9, entre outros, e avisou para os f\u00e3s brasileiros que moram nos Estados Unidos que est\u00e1 com uma turn\u00ea internacional agendada.<\/p>\n<p>\u201c Farei uma apresenta\u00e7\u00e3o no dia 17 de Junho em \u00a0um dos parques mais famosos de Nova York, o Central Park e espero toda a comunidade brasileira\u201d , contou Preta Gil.<\/p>\n\n\t\t<style type=\"text\/css\">\n\t\t\t#gallery-2 {\n\t\t\t\tmargin: auto;\n\t\t\t}\n\t\t\t#gallery-2 .gallery-item {\n\t\t\t\tfloat: left;\n\t\t\t\tmargin-top: 10px;\n\t\t\t\ttext-align: center;\n\t\t\t\twidth: 50%;\n\t\t\t}\n\t\t\t#gallery-2 img {\n\t\t\t\tborder: 2px solid #cfcfcf;\n\t\t\t}\n\t\t\t#gallery-2 .gallery-caption {\n\t\t\t\tmargin-left: 0;\n\t\t\t}\n\t\t\t\/* see gallery_shortcode() in wp-includes\/media.php *\/\n\t\t<\/style>\n\t\t<div id='gallery-2' class='gallery galleryid-567 gallery-columns-2 gallery-size-thumbnail'><dl class='gallery-item'>\n\t\t\t<dt class='gallery-icon landscape'>\n\t\t\t\t<a href=\"https:\/\/www.brazilianpress.com\/v1\/wp-content\/uploads\/2013\/05\/preta-gil-1627-3.jpg\" class=\"gallery_colorbox\"><img width=\"150\" height=\"150\" src=\"https:\/\/www.brazilianpress.com\/v1\/wp-content\/uploads\/2013\/05\/preta-gil-1627-3-150x150.jpg\"  class=\"attachment-thumbnail size-thumbnail\" alt=\"\" loading=\"lazy\" \/><\/a>\n\t\t\t<\/dt><\/dl><dl class='gallery-item'>\n\t\t\t<dt class='gallery-icon landscape'>\n\t\t\t\t<a href=\"https:\/\/www.brazilianpress.com\/v1\/wp-content\/uploads\/2013\/05\/preta-gil-1627-4.jpg\" class=\"gallery_colorbox\"><img width=\"150\" height=\"150\" src=\"https:\/\/www.brazilianpress.com\/v1\/wp-content\/uploads\/2013\/05\/preta-gil-1627-4-150x150.jpg\"  class=\"attachment-thumbnail size-thumbnail\" alt=\"\" loading=\"lazy\" \/><\/a>\n\t\t\t<\/dt><\/dl><br style=\"clear: both\" \/>\n\t\t<\/div>\n\n","protected":false},"excerpt":{"rendered":"<p>Cantora far\u00e1 apresenta\u00e7\u00e3o no Central Park no dia 17 de Junho Por Juliana Guimar\u00e3es Conhecida pela anima\u00e7\u00e3o,\u00a0Preta Gil, 38, mostrou que n\u00e3o tem tempo feio para ela. Ap\u00f3s confirma\u00e7\u00e3o do fim do seu casamento de quatro anos com o mergulhador Carlos Henrique Lima, a cantora j\u00e1 est\u00e1 se apresentando pelo Brasil. Em \u00a0Florian\u00f3polis, cidade localizada no Sul do Brasil; \u00a0no s\u00e1bado (11\/05), \u00a0a cantora carioca, filha de Gilberto Gil; \u00a0fez show em uma famosa casa noturna na cidade o P12, localizado em Jurer\u00ea Internacional, com a turn\u00ea \u201cSou Como Sou\u201d. A cantora contou que sua m\u00fasica representa no cen\u00e1rio brasileiro [&hellip;]<\/p>\n","protected":false},"author":1,"featured_media":569,"comment_status":"open","ping_status":"open","sticky":false,"template":"","format":"standard","meta":{"_links_to":"","_links_to_target":""},"categories":[4,1],"tags":[],"views":2646,"_links":{"self":[{"href":"https:\/\/www.brazilianpress.com\/v1\/wp-json\/wp\/v2\/posts\/567"}],"collection":[{"href":"https:\/\/www.brazilianpress.com\/v1\/wp-json\/wp\/v2\/posts"}],"about":[{"href":"https:\/\/www.brazilianpress.com\/v1\/wp-json\/wp\/v2\/types\/post"}],"author":[{"embeddable":true,"href":"https:\/\/www.brazilianpress.com\/v1\/wp-json\/wp\/v2\/users\/1"}],"replies":[{"embeddable":true,"href":"https:\/\/www.brazilianpress.com\/v1\/wp-json\/wp\/v2\/comments?post=567"}],"version-history":[{"count":6,"href":"https:\/\/www.brazilianpress.com\/v1\/wp-json\/wp\/v2\/posts\/567\/revisions"}],"predecessor-version":[{"id":709,"href":"https:\/\/www.brazilianpress.com\/v1\/wp-json\/wp\/v2\/posts\/567\/revisions\/709"}],"wp:featuredmedia":[{"embeddable":true,"href":"https:\/\/www.brazilianpress.com\/v1\/wp-json\/wp\/v2\/media\/569"}],"wp:attachment":[{"href":"https:\/\/www.brazilianpress.com\/v1\/wp-json\/wp\/v2\/media?parent=567"}],"wp:term":[{"taxonomy":"category","embeddable":true,"href":"https:\/\/www.brazilianpress.com\/v1\/wp-json\/wp\/v2\/categories?post=567"},{"taxonomy":"post_tag","embeddable":true,"href":"https:\/\/www.brazilianpress.com\/v1\/wp-json\/wp\/v2\/tags?post=567"}],"curies":[{"name":"wp","href":"https:\/\/api.w.org\/{rel}","templated":true}]}}