{"id":56716,"date":"2024-01-14T12:49:02","date_gmt":"2024-01-14T16:49:02","guid":{"rendered":"https:\/\/www.brazilianpress.com\/v1\/?p=56716"},"modified":"2024-01-14T12:49:02","modified_gmt":"2024-01-14T16:49:02","slug":"ex-modelo-brasileiro-desaparecido-na-franca-esta-preso-por-imigracao-ilegal-diz-mae-angustia-muito-grande","status":"publish","type":"post","link":"https:\/\/www.brazilianpress.com\/v1\/2024\/01\/14\/ex-modelo-brasileiro-desaparecido-na-franca-esta-preso-por-imigracao-ilegal-diz-mae-angustia-muito-grande\/","title":{"rendered":"Ex-modelo brasileiro desaparecido na Fran\u00e7a est\u00e1 preso por imigra\u00e7\u00e3o ilegal, diz m\u00e3e: &#8216;Ang\u00fastia muito grande&#8217;"},"content":{"rendered":"<p><strong>A fam\u00edlia de Douglas da Costa Almeida, que est\u00e1 desaparecido h\u00e1 mais de 50 dias na Fran\u00e7a, disse que o jovem de 27 anos foi preso por imigra\u00e7\u00e3o ilegal no pa\u00eds. A m\u00e3e dele, Elis\u00e2ngela da Costa, disse que foi informada por autoridades da pris\u00e3o, mas ainda n\u00e3o conseguiu contatar o jovem.<\/strong><\/p>\n<p>Segundo Elis\u00e2ngela, a pris\u00e3o foi informada pelo Itamaraty. O g1 entrou em contato com o \u00f3rg\u00e3o para saber mais detalhes, mas n\u00e3o obteve retorno.O Gabinete de Assuntos Internacionais de Goi\u00e1s disse que acompanha o caso. &#8220;Eles v\u00e3o liberar [o Douglas] para falar comigo na segunda-feira. A\u00ed que eu vou saber mesmo realmente o que aconteceu&#8221;, explicou Elis\u00e2ngela.<\/p>\n<p><img src=\"https:\/\/s2-g1.glbimg.com\/2q4Im2HKPe9JcQ6Iu3KOEtdQeo0=\/0x0:1700x1065\/984x0\/smart\/filters:strip_icc()\/i.s3.glbimg.com\/v1\/AUTH_59edd422c0c84a879bd37670ae4f538a\/internal_photos\/bs\/2024\/n\/j\/ApoVXKQJmDpPUhQiN8hA\/foto.jpg\" alt=\"Quem \u00e9 o ex-modelo brasileiro que desapareceu em Paris | Goi\u00e1s | G1\" \/><\/p>\n<p>Douglas nasceu em Americano do Brasil, no oeste do estado, e se mudou para a Europa. Ao g1, a m\u00e3e dele contou que o filho viveu com a fam\u00edlia em Goi\u00e1s at\u00e9 os 18 anos. Segundo ela, aqui no Brasil, o filho trabalhava como modelo e fez diversos trabalhos em ag\u00eancias de publicidade e marcas de roupas.<\/p>\n<p><strong>Entenda o caso<\/strong><\/p>\n<p>Aos 18 anos, Douglas se mudou sozinho para Paris, na Fran\u00e7a, onde continuou trabalhando como modelo at\u00e9 se tornar aut\u00f4nomo, afirma Elis\u00e2ngela. Apesar da dist\u00e2ncia, a m\u00e3e afirma que o filho n\u00e3o passou um dia dos \u00faltimos oito anos sem falar com a fam\u00edlia. \u201cA gente conversava todos os dias. Ele contava como estavam as coisas l\u00e1, perguntava como estava aqui e sobre os av\u00f3s\u201d, relata.<\/p>\n<p><img src=\"https:\/\/opopular.com.br\/image\/policy%3A1.3099732%3A1705004411%2Fimage.jpg%3F%26f%3Ddefault\" alt=\"Ex-modelo brasileiro desaparecido na Fran\u00e7a est\u00e1 preso por imigra\u00e7\u00e3o  ilegal, diz m\u00e3e: 'N\u00e3o sei como ele est\u00e1' | O Popular\" \/><\/p>\n<p>Por\u00e9m, desde o dia 21 de novembro de 2023, Elis\u00e2ngela conta que Douglas n\u00e3o mandou mensagens, respondeu as que ela enviou ou atendeu as liga\u00e7\u00f5es. \u201cNo \u00faltimo dia que conversamos estava tudo normal. Conversamos at\u00e9 tarde e, no outro dia, ligamos e nada\u201d, lembra. Elis\u00e2ngela diz que n\u00e3o tem contato com os amigos de Douglas na Fran\u00e7a, o que, segundo ela, aumenta a preocupa\u00e7\u00e3o. \u201cN\u00f3s ligamos, mas at\u00e9 hoje n\u00e3o tivemos nenhuma informa\u00e7\u00e3o. Estou morta por dentro, para uma m\u00e3e n\u00e3o \u00e9 f\u00e1cil um filho desaparecer do nada\u201d, lamenta.<\/p>\n","protected":false},"excerpt":{"rendered":"<p>A fam\u00edlia de Douglas da Costa Almeida, que est\u00e1 desaparecido h\u00e1 mais de 50 dias na Fran\u00e7a, disse que o jovem de 27 anos foi preso por imigra\u00e7\u00e3o ilegal no pa\u00eds. A m\u00e3e dele, Elis\u00e2ngela da Costa, disse que foi informada por autoridades da pris\u00e3o, mas ainda n\u00e3o conseguiu contatar o jovem. Segundo Elis\u00e2ngela, a pris\u00e3o foi informada pelo Itamaraty. O g1 entrou em contato com o \u00f3rg\u00e3o para saber mais detalhes, mas n\u00e3o obteve retorno.O Gabinete de Assuntos Internacionais de Goi\u00e1s disse que acompanha o caso. &#8220;Eles v\u00e3o liberar [o Douglas] para falar comigo na segunda-feira. A\u00ed que eu [&hellip;]<\/p>\n","protected":false},"author":1,"featured_media":56717,"comment_status":"open","ping_status":"closed","sticky":false,"template":"","format":"standard","meta":{"_links_to":"","_links_to_target":""},"categories":[3,8,1],"tags":[],"views":707,"_links":{"self":[{"href":"https:\/\/www.brazilianpress.com\/v1\/wp-json\/wp\/v2\/posts\/56716"}],"collection":[{"href":"https:\/\/www.brazilianpress.com\/v1\/wp-json\/wp\/v2\/posts"}],"about":[{"href":"https:\/\/www.brazilianpress.com\/v1\/wp-json\/wp\/v2\/types\/post"}],"author":[{"embeddable":true,"href":"https:\/\/www.brazilianpress.com\/v1\/wp-json\/wp\/v2\/users\/1"}],"replies":[{"embeddable":true,"href":"https:\/\/www.brazilianpress.com\/v1\/wp-json\/wp\/v2\/comments?post=56716"}],"version-history":[{"count":1,"href":"https:\/\/www.brazilianpress.com\/v1\/wp-json\/wp\/v2\/posts\/56716\/revisions"}],"predecessor-version":[{"id":56718,"href":"https:\/\/www.brazilianpress.com\/v1\/wp-json\/wp\/v2\/posts\/56716\/revisions\/56718"}],"wp:featuredmedia":[{"embeddable":true,"href":"https:\/\/www.brazilianpress.com\/v1\/wp-json\/wp\/v2\/media\/56717"}],"wp:attachment":[{"href":"https:\/\/www.brazilianpress.com\/v1\/wp-json\/wp\/v2\/media?parent=56716"}],"wp:term":[{"taxonomy":"category","embeddable":true,"href":"https:\/\/www.brazilianpress.com\/v1\/wp-json\/wp\/v2\/categories?post=56716"},{"taxonomy":"post_tag","embeddable":true,"href":"https:\/\/www.brazilianpress.com\/v1\/wp-json\/wp\/v2\/tags?post=56716"}],"curies":[{"name":"wp","href":"https:\/\/api.w.org\/{rel}","templated":true}]}}