{"id":56725,"date":"2024-01-17T04:37:46","date_gmt":"2024-01-17T08:37:46","guid":{"rendered":"https:\/\/www.brazilianpress.com\/v1\/?p=56725"},"modified":"2024-01-17T04:37:46","modified_gmt":"2024-01-17T08:37:46","slug":"em-1o-discurso-apos-vencer-em-iowa-trump-chama-imigrantes-de-terroristas-fala-em-fechar-fronteira-dos-eua-e-promete-deportacao-em-massa","status":"publish","type":"post","link":"https:\/\/www.brazilianpress.com\/v1\/2024\/01\/17\/em-1o-discurso-apos-vencer-em-iowa-trump-chama-imigrantes-de-terroristas-fala-em-fechar-fronteira-dos-eua-e-promete-deportacao-em-massa\/","title":{"rendered":"Em 1\u00ba discurso ap\u00f3s vencer em Iowa, Trump chama imigrantes de &#8216;terroristas&#8217;, fala em &#8216;fechar&#8217; fronteira dos EUA e promete &#8216;deporta\u00e7\u00e3o em massa&#8217;"},"content":{"rendered":"<p><strong>Em discurso ap\u00f3s vencer as primeiras pr\u00e9vias do Partido Republicano para as elei\u00e7\u00f5es presidenciais dos Estados Unidos, em Iowa, o ex-presidente do pa\u00eds Donald Trump chamou imigrantes do pa\u00eds de terroristas, afirmou que os EUA est\u00e3o sendo &#8220;invadidos&#8221; e disse que vai &#8220;fechar a fronteira&#8221; entre Estados Unidos e M\u00e9xico.<\/strong><\/p>\n<p>O ex-presidente resgatou a ret\u00f3rica anti-imigra\u00e7\u00e3o que adotou durante seu mandato presidencial, entre 2017 e 2021. Disse prometer um &#8220;n\u00edvel de deporta\u00e7\u00f5es que n\u00e3o vemos desde Dwight Eisenhower&#8221;, presidente dos EUA na d\u00e9cada de 1950 que conduziu um programa de expuls\u00e3o de mais de 1 milh\u00e3o de imigrantes.<\/p>\n<p><img src=\"https:\/\/media.npr.org\/assets\/img\/2024\/01\/16\/gettyimages-1936423948-a66f511cd896517c10aecdb772f4a49f16b2af04-s1100-c50.jpg\" alt=\"The Headline Everyone Expected - Trump Wins Iowa Caucuses : Consider This  from NPR : NPR\" \/><\/p>\n<p>Sem citar n\u00fameros nem apontar evid\u00eancias, Trump afirmou que &#8220;muitos terroristas est\u00e3o vindo&#8221; e que &#8220;hospitais psiqui\u00e1tricos est\u00e3o sendo esvaziados&#8221; e os pacientes est\u00e3o migrando para os Estados Unidos. &#8220;N\u00f3s vamos fechar a fronteira. Porque neste momento temos uma invas\u00e3o, de milh\u00f5es e milh\u00f5es de pessoas vindo para o nosso pa\u00eds. Eu n\u00e3o posso imaginar porque eles acham que isto \u00e9 algo bom, isto \u00e9 algo muito ruim. N\u00e3o podemos ter isso. N\u00e3o \u00e9 sustent\u00e1vel como pa\u00eds. \u00c9 horr\u00edvel&#8221;, discursou Trump. &#8220;E eles est\u00e3o vindo de pris\u00f5es, de pa\u00edses que a maioria das pessoas nem nunca ouviu falar, de &#8216;sanat\u00f3rios mentais&#8217;, de hospitais psiqui\u00e1tricos que est\u00e3o sendo esvaziados. E s\u00e3o terroristas. Muitos terroristas est\u00e3o vindo. Em 2019, eu vi recentemente em uma pesquisa, eles n\u00e3o tinham nenhum terrorista. E assim que &#8216;esse grupo&#8217; assumiu (a presid\u00eancia), eles t\u00eam centenas e centenas de terroristas e muitos s\u00e3o muito maus&#8221;.<\/p>\n<p><img src=\"https:\/\/prospect.org\/downloads\/20673\/download\/Meyerson-Iowa%20caucus%20011624.jpg?cb=726097bf84e8a1683613b048d892c2e9\" alt=\"Trump Wins Iowa, Sun Rises in East - The American Prospect\" \/><\/p>\n<p>No discurso, Trump chamou o presidente dos EUA, Joe Biden, de &#8220;o pior presidente que j\u00e1 tivemos na hist\u00f3ria do nosso pa\u00eds. Ele est\u00e1 destruindo nosso pa\u00eds&#8221;. E afirmou que, &#8220;ao redor do mundo, as pessoas est\u00e3o rindo dos Estados Unidos&#8221;. Ele tamb\u00e9m elogiou os pr\u00e9-candidatos republicanos, Ron De Santis e Nikki Halley, e disse que o pa\u00eds est\u00e1 muito perto de voltar a colocar &#8220;a Am\u00e9rica em primeiro lugar&#8221;, um de seus principais slogans presidenciais. H\u00e1 semanas, Donald Trump, o favorito para vencer a disputa entre os republicanos para a corrida para a Casa Branca, vem endurecendo o discurso sobre imigrantes. No fim de 2023, ele afirmou que estrangeiros est\u00e3o &#8220;envenenando o sangue&#8221; dos Estados Unidos. O discurso trumpista \u00e9 encampado pelos eleitores republicanos. Uma pesquisa da CBS divulgada nesta segunda (14) aponta que 72% dos republicanos entrevistados concorda com a tese de que estrangeiros est\u00e3o &#8220;envenenando o sangue&#8221; americano. Na ocasi\u00e3o, ap\u00f3s a fala, Biden acusou Trump de &#8220;usar a ret\u00f3rica da Alemanha nazista&#8221;.<\/p>\n","protected":false},"excerpt":{"rendered":"<p>Em discurso ap\u00f3s vencer as primeiras pr\u00e9vias do Partido Republicano para as elei\u00e7\u00f5es presidenciais dos Estados Unidos, em Iowa, o ex-presidente do pa\u00eds Donald Trump chamou imigrantes do pa\u00eds de terroristas, afirmou que os EUA est\u00e3o sendo &#8220;invadidos&#8221; e disse que vai &#8220;fechar a fronteira&#8221; entre Estados Unidos e M\u00e9xico. O ex-presidente resgatou a ret\u00f3rica anti-imigra\u00e7\u00e3o que adotou durante seu mandato presidencial, entre 2017 e 2021. Disse prometer um &#8220;n\u00edvel de deporta\u00e7\u00f5es que n\u00e3o vemos desde Dwight Eisenhower&#8221;, presidente dos EUA na d\u00e9cada de 1950 que conduziu um programa de expuls\u00e3o de mais de 1 milh\u00e3o de imigrantes. Sem citar [&hellip;]<\/p>\n","protected":false},"author":1,"featured_media":56726,"comment_status":"open","ping_status":"closed","sticky":false,"template":"","format":"standard","meta":{"_links_to":"","_links_to_target":""},"categories":[3,1,10],"tags":[],"views":564,"_links":{"self":[{"href":"https:\/\/www.brazilianpress.com\/v1\/wp-json\/wp\/v2\/posts\/56725"}],"collection":[{"href":"https:\/\/www.brazilianpress.com\/v1\/wp-json\/wp\/v2\/posts"}],"about":[{"href":"https:\/\/www.brazilianpress.com\/v1\/wp-json\/wp\/v2\/types\/post"}],"author":[{"embeddable":true,"href":"https:\/\/www.brazilianpress.com\/v1\/wp-json\/wp\/v2\/users\/1"}],"replies":[{"embeddable":true,"href":"https:\/\/www.brazilianpress.com\/v1\/wp-json\/wp\/v2\/comments?post=56725"}],"version-history":[{"count":1,"href":"https:\/\/www.brazilianpress.com\/v1\/wp-json\/wp\/v2\/posts\/56725\/revisions"}],"predecessor-version":[{"id":56727,"href":"https:\/\/www.brazilianpress.com\/v1\/wp-json\/wp\/v2\/posts\/56725\/revisions\/56727"}],"wp:featuredmedia":[{"embeddable":true,"href":"https:\/\/www.brazilianpress.com\/v1\/wp-json\/wp\/v2\/media\/56726"}],"wp:attachment":[{"href":"https:\/\/www.brazilianpress.com\/v1\/wp-json\/wp\/v2\/media?parent=56725"}],"wp:term":[{"taxonomy":"category","embeddable":true,"href":"https:\/\/www.brazilianpress.com\/v1\/wp-json\/wp\/v2\/categories?post=56725"},{"taxonomy":"post_tag","embeddable":true,"href":"https:\/\/www.brazilianpress.com\/v1\/wp-json\/wp\/v2\/tags?post=56725"}],"curies":[{"name":"wp","href":"https:\/\/api.w.org\/{rel}","templated":true}]}}