{"id":56740,"date":"2024-01-19T17:59:24","date_gmt":"2024-01-19T21:59:24","guid":{"rendered":"https:\/\/www.brazilianpress.com\/v1\/?p=56740"},"modified":"2024-01-19T17:59:24","modified_gmt":"2024-01-19T21:59:24","slug":"triste-realidade-executiva-da-area-de-ti-grava-momento-em-que-e-demitida-nos-eua-imagens-viralizaram","status":"publish","type":"post","link":"https:\/\/www.brazilianpress.com\/v1\/2024\/01\/19\/triste-realidade-executiva-da-area-de-ti-grava-momento-em-que-e-demitida-nos-eua-imagens-viralizaram\/","title":{"rendered":"Triste realidade: Executiva da \u00e1rea de TI grava momento em que \u00e9 demitida nos EUA. Imagens viralizaram"},"content":{"rendered":"<p><strong>Mulher viraliza ao gravar momento em que \u00e9 demitida nos EUA. O registro de Brittany Pietsch, publicado no dia 12, j\u00e1 soma um milh\u00e3o de visualiza\u00e7\u00f5es. Prevendo a sua sa\u00edda da Cloudflare, empresa de TI, a jovem passou a gravar a videoconfer\u00eancia. Brittany usa boa parte da reuni\u00e3o para pedir motivos que justifiquem a sua demiss\u00e3o.<\/strong><\/p>\n<p>O retorno hesitante dado pelos representantes, por\u00e9m, chamou a aten\u00e7\u00e3o de internautas. A mulher contou que achou estranho o fato de que os profissionais sequer a conheciam. <span style=\"color: #993300;\"><strong>Assista o momento da demiss\u00e3o de Brittany:<\/strong><\/span><\/p>\n<blockquote class=\"twitter-tweet\" data-width=\"550\" data-dnt=\"true\">\n<p lang=\"en\" dir=\"ltr\">Brittany Pietsch, an Account<br \/>Executive at Cloudfare records her layoff experience. <a href=\"https:\/\/t.co\/UCuUr99PIH\">pic.twitter.com\/UCuUr99PIH<\/a><\/p>\n<p>&mdash; Hussein E (@therealhebrahim) <a href=\"https:\/\/twitter.com\/therealhebrahim\/status\/1745928113543074022?ref_src=twsrc%5Etfw\">January 12, 2024<\/a><\/p><\/blockquote>\n<p><script async src=\"https:\/\/platform.twitter.com\/widgets.js\" charset=\"utf-8\"><\/script><\/p>\n<p>\u201cFui despedida por duas pessoas que n\u00e3o conhecia&#8221;, escreveu ao publicar o v\u00eddeo. &#8220;Eu queria me defender, pois o que eu tinha a perder?\u201d, escreveu ela sobre sua postura. A repercuss\u00e3o do v\u00eddeo gerou uma resposta de Matthew Prince, CEO da Cloudflare. Ele escreveu que haviam sido demitidos cerca de 40 dos 1,5 mil funcion\u00e1rios. \u201c\u00c9 doloroso assistir ao v\u00eddeo. Os gerentes devem estar sempre envolvidos\u201d, escreveu.<\/p>\n","protected":false},"excerpt":{"rendered":"<p>Mulher viraliza ao gravar momento em que \u00e9 demitida nos EUA. O registro de Brittany Pietsch, publicado no dia 12, j\u00e1 soma um milh\u00e3o de visualiza\u00e7\u00f5es. Prevendo a sua sa\u00edda da Cloudflare, empresa de TI, a jovem passou a gravar a videoconfer\u00eancia. Brittany usa boa parte da reuni\u00e3o para pedir motivos que justifiquem a sua demiss\u00e3o. O retorno hesitante dado pelos representantes, por\u00e9m, chamou a aten\u00e7\u00e3o de internautas. A mulher contou que achou estranho o fato de que os profissionais sequer a conheciam. Assista o momento da demiss\u00e3o de Brittany: Brittany Pietsch, an AccountExecutive at Cloudfare records her layoff experience. [&hellip;]<\/p>\n","protected":false},"author":1,"featured_media":56741,"comment_status":"open","ping_status":"closed","sticky":false,"template":"","format":"standard","meta":{"_links_to":"","_links_to_target":""},"categories":[3,1,10],"tags":[],"views":892,"_links":{"self":[{"href":"https:\/\/www.brazilianpress.com\/v1\/wp-json\/wp\/v2\/posts\/56740"}],"collection":[{"href":"https:\/\/www.brazilianpress.com\/v1\/wp-json\/wp\/v2\/posts"}],"about":[{"href":"https:\/\/www.brazilianpress.com\/v1\/wp-json\/wp\/v2\/types\/post"}],"author":[{"embeddable":true,"href":"https:\/\/www.brazilianpress.com\/v1\/wp-json\/wp\/v2\/users\/1"}],"replies":[{"embeddable":true,"href":"https:\/\/www.brazilianpress.com\/v1\/wp-json\/wp\/v2\/comments?post=56740"}],"version-history":[{"count":1,"href":"https:\/\/www.brazilianpress.com\/v1\/wp-json\/wp\/v2\/posts\/56740\/revisions"}],"predecessor-version":[{"id":56742,"href":"https:\/\/www.brazilianpress.com\/v1\/wp-json\/wp\/v2\/posts\/56740\/revisions\/56742"}],"wp:featuredmedia":[{"embeddable":true,"href":"https:\/\/www.brazilianpress.com\/v1\/wp-json\/wp\/v2\/media\/56741"}],"wp:attachment":[{"href":"https:\/\/www.brazilianpress.com\/v1\/wp-json\/wp\/v2\/media?parent=56740"}],"wp:term":[{"taxonomy":"category","embeddable":true,"href":"https:\/\/www.brazilianpress.com\/v1\/wp-json\/wp\/v2\/categories?post=56740"},{"taxonomy":"post_tag","embeddable":true,"href":"https:\/\/www.brazilianpress.com\/v1\/wp-json\/wp\/v2\/tags?post=56740"}],"curies":[{"name":"wp","href":"https:\/\/api.w.org\/{rel}","templated":true}]}}