{"id":56764,"date":"2024-01-24T10:58:30","date_gmt":"2024-01-24T14:58:30","guid":{"rendered":"https:\/\/www.brazilianpress.com\/v1\/?p=56764"},"modified":"2024-01-24T10:58:30","modified_gmt":"2024-01-24T14:58:30","slug":"social-press-24-01-2024","status":"publish","type":"post","link":"https:\/\/www.brazilianpress.com\/v1\/2024\/01\/24\/social-press-24-01-2024\/","title":{"rendered":"Social Press . 24\/01\/2024"},"content":{"rendered":"<p><em><strong><img loading=\"lazy\" class=\"alignnone size-full wp-image-56758\" src=\"https:\/\/www.brazilianpress.com\/v1\/wp-content\/uploads\/2024\/01\/foto-1-Tainara-santos.jpg\" alt=\"\" width=\"698\" height=\"900\" srcset=\"https:\/\/www.brazilianpress.com\/v1\/wp-content\/uploads\/2024\/01\/foto-1-Tainara-santos.jpg 698w, https:\/\/www.brazilianpress.com\/v1\/wp-content\/uploads\/2024\/01\/foto-1-Tainara-santos-233x300.jpg 233w\" sizes=\"(max-width: 698px) 100vw, 698px\" \/><br \/>\nA gata\u00a0 Tainara Santos, aniversariante da semana completou mais um ano de vida com muita alegria, Happy birthday!<\/strong><\/em><\/p>\n<p><em><strong><img loading=\"lazy\" class=\"alignnone size-full wp-image-56759\" src=\"https:\/\/www.brazilianpress.com\/v1\/wp-content\/uploads\/2024\/01\/Foto-2-A-artista-filmmaker-e-pintora.jpg\" alt=\"\" width=\"700\" height=\"430\" srcset=\"https:\/\/www.brazilianpress.com\/v1\/wp-content\/uploads\/2024\/01\/Foto-2-A-artista-filmmaker-e-pintora.jpg 700w, https:\/\/www.brazilianpress.com\/v1\/wp-content\/uploads\/2024\/01\/Foto-2-A-artista-filmmaker-e-pintora-300x184.jpg 300w\" sizes=\"(max-width: 700px) 100vw, 700px\" \/><br \/>\nA artista, filmmaker e pintora Lunnara Luza estar\u00e1 presente no Carnaval Brasileiro do Newark Museum no pr\u00f3ximo dia 15 de Fevereiro. Ela apresentar\u00e1 uma obra especialmente criada para essa ocasi\u00e3o. Super!<\/strong><\/em><\/p>\n<p><em><strong><img loading=\"lazy\" class=\"alignnone size-full wp-image-56760\" src=\"https:\/\/www.brazilianpress.com\/v1\/wp-content\/uploads\/2024\/01\/Foto-3-O-jornalista-e-ativista-cultural-Roger-Costa.jpg\" alt=\"\" width=\"700\" height=\"780\" srcset=\"https:\/\/www.brazilianpress.com\/v1\/wp-content\/uploads\/2024\/01\/Foto-3-O-jornalista-e-ativista-cultural-Roger-Costa.jpg 700w, https:\/\/www.brazilianpress.com\/v1\/wp-content\/uploads\/2024\/01\/Foto-3-O-jornalista-e-ativista-cultural-Roger-Costa-269x300.jpg 269w\" sizes=\"(max-width: 700px) 100vw, 700px\" \/><br \/>\nO jornalista e ativista cultural Roger Costa em p\u00f4se exclusiva ao lado da atriz alema Sandra Huller, estrela do filme &#8220;Anatomy of a Fall&#8221; do qual acaba de ser indicada ao Oscar de Melhor Atriz. Sucesso!<\/strong><\/em><\/p>\n<p><em><strong><img loading=\"lazy\" class=\"alignnone size-full wp-image-56761\" src=\"https:\/\/www.brazilianpress.com\/v1\/wp-content\/uploads\/2024\/01\/foto-4-A-aniversariante-Regina-Celia.jpg\" alt=\"\" width=\"700\" height=\"846\" srcset=\"https:\/\/www.brazilianpress.com\/v1\/wp-content\/uploads\/2024\/01\/foto-4-A-aniversariante-Regina-Celia.jpg 700w, https:\/\/www.brazilianpress.com\/v1\/wp-content\/uploads\/2024\/01\/foto-4-A-aniversariante-Regina-Celia-248x300.jpg 248w\" sizes=\"(max-width: 700px) 100vw, 700px\" \/><br \/>\nA aniversariante Regina C\u00e9lia foi pega de surpresa no seu niver pelos irm\u00e3os em uma bela comemora\u00e7\u00e3o do seu \u00a0anivers\u00e1rio, Parab\u00e9ns.<\/strong><\/em><\/p>\n<p><em><strong><img loading=\"lazy\" class=\"alignnone size-full wp-image-56762\" src=\"https:\/\/www.brazilianpress.com\/v1\/wp-content\/uploads\/2024\/01\/foto-5-Esses-dois-baboes-.jpeg\" alt=\"\" width=\"700\" height=\"449\" srcset=\"https:\/\/www.brazilianpress.com\/v1\/wp-content\/uploads\/2024\/01\/foto-5-Esses-dois-baboes-.jpeg 700w, https:\/\/www.brazilianpress.com\/v1\/wp-content\/uploads\/2024\/01\/foto-5-Esses-dois-baboes--300x192.jpeg 300w\" sizes=\"(max-width: 700px) 100vw, 700px\" \/><br \/>\nE esses dois bob\u00f5es, cruzaram o Oceano pra visitar o netinho na terra do Tio Sam,\u00a0 pensa num menino que gosta de ser paparicado por eles,\u00a0 ir\u00e3o deixar Saudades Vovozona Dri e V\u00f4 Gerson.<\/strong><\/em><\/p>\n<p><em><strong><img loading=\"lazy\" class=\"alignnone size-full wp-image-56757\" src=\"https:\/\/www.brazilianpress.com\/v1\/wp-content\/uploads\/2024\/01\/Foto-6-O-camarada-Pedro-paulino.jpg\" alt=\"\" width=\"700\" height=\"676\" srcset=\"https:\/\/www.brazilianpress.com\/v1\/wp-content\/uploads\/2024\/01\/Foto-6-O-camarada-Pedro-paulino.jpg 700w, https:\/\/www.brazilianpress.com\/v1\/wp-content\/uploads\/2024\/01\/Foto-6-O-camarada-Pedro-paulino-300x290.jpg 300w\" sizes=\"(max-width: 700px) 100vw, 700px\" \/><br \/>\nO camarada Pedro Paulino conhecido como Cervejeiro, cutindo a noite de Newark e fez promessa de fazer umas cervejas artesanais para os amigos, estamos na esperando.<\/strong><\/em><\/p>\n","protected":false},"excerpt":{"rendered":"<p>A gata\u00a0 Tainara Santos, aniversariante da semana completou mais um ano de vida com muita alegria, Happy birthday! A artista, filmmaker e pintora Lunnara Luza estar\u00e1 presente no Carnaval Brasileiro do Newark Museum no pr\u00f3ximo dia 15 de Fevereiro. Ela apresentar\u00e1 uma obra especialmente criada para essa ocasi\u00e3o. Super! O jornalista e ativista cultural Roger Costa em p\u00f4se exclusiva ao lado da atriz alema Sandra Huller, estrela do filme &#8220;Anatomy of a Fall&#8221; do qual acaba de ser indicada ao Oscar de Melhor Atriz. Sucesso! A aniversariante Regina C\u00e9lia foi pega de surpresa no seu niver pelos irm\u00e3os em uma [&hellip;]<\/p>\n","protected":false},"author":1,"featured_media":56763,"comment_status":"open","ping_status":"closed","sticky":false,"template":"","format":"standard","meta":{"_links_to":"","_links_to_target":""},"categories":[3,1,6],"tags":[],"views":1433,"_links":{"self":[{"href":"https:\/\/www.brazilianpress.com\/v1\/wp-json\/wp\/v2\/posts\/56764"}],"collection":[{"href":"https:\/\/www.brazilianpress.com\/v1\/wp-json\/wp\/v2\/posts"}],"about":[{"href":"https:\/\/www.brazilianpress.com\/v1\/wp-json\/wp\/v2\/types\/post"}],"author":[{"embeddable":true,"href":"https:\/\/www.brazilianpress.com\/v1\/wp-json\/wp\/v2\/users\/1"}],"replies":[{"embeddable":true,"href":"https:\/\/www.brazilianpress.com\/v1\/wp-json\/wp\/v2\/comments?post=56764"}],"version-history":[{"count":1,"href":"https:\/\/www.brazilianpress.com\/v1\/wp-json\/wp\/v2\/posts\/56764\/revisions"}],"predecessor-version":[{"id":56765,"href":"https:\/\/www.brazilianpress.com\/v1\/wp-json\/wp\/v2\/posts\/56764\/revisions\/56765"}],"wp:featuredmedia":[{"embeddable":true,"href":"https:\/\/www.brazilianpress.com\/v1\/wp-json\/wp\/v2\/media\/56763"}],"wp:attachment":[{"href":"https:\/\/www.brazilianpress.com\/v1\/wp-json\/wp\/v2\/media?parent=56764"}],"wp:term":[{"taxonomy":"category","embeddable":true,"href":"https:\/\/www.brazilianpress.com\/v1\/wp-json\/wp\/v2\/categories?post=56764"},{"taxonomy":"post_tag","embeddable":true,"href":"https:\/\/www.brazilianpress.com\/v1\/wp-json\/wp\/v2\/tags?post=56764"}],"curies":[{"name":"wp","href":"https:\/\/api.w.org\/{rel}","templated":true}]}}