{"id":56776,"date":"2024-01-24T14:32:31","date_gmt":"2024-01-24T18:32:31","guid":{"rendered":"https:\/\/www.brazilianpress.com\/v1\/?p=56776"},"modified":"2024-01-24T14:32:31","modified_gmt":"2024-01-24T18:32:31","slug":"the-newark-museum-of-art-celebra-a-diversidade-e-os-ritmos-do-carnaval-brasileiro","status":"publish","type":"post","link":"https:\/\/www.brazilianpress.com\/v1\/2024\/01\/24\/the-newark-museum-of-art-celebra-a-diversidade-e-os-ritmos-do-carnaval-brasileiro\/","title":{"rendered":"The Newark Museum of Art Celebra a Diversidade e os Ritmos do Carnaval Brasileiro"},"content":{"rendered":"<p><strong>Newark, NJ- Ap\u00f3s o grande sucesso do Carnaval Brasileiro realizado pelo The Newark Museum of Art, 49 Washington Street em Newark, no ano passado, atraindo mais de 1.700 pessoas, a institui\u00e7\u00e3o cultural anuncia a 2nd edi\u00e7\u00e3o da celebra\u00e7\u00e3o brasileira mais popular e conhecida no mundo, pr\u00f3ximo dia 15 de Fevereiro de 2024.<\/strong><\/p>\n<p>Junte-se a n\u00f3s para uma Noite de Ritmos Vibrantes, Fantasias coloridas, e Energia Contagiante, ao trazermos o Esp\u00edrito do Carnaval Brasileiro para o Art After Dark!<\/p>\n<p><img loading=\"lazy\" class=\"alignnone size-full wp-image-56781\" src=\"https:\/\/www.brazilianpress.com\/v1\/wp-content\/uploads\/2024\/01\/FOTO-2-CARNAVAL.jpg\" alt=\"\" width=\"700\" height=\"525\" srcset=\"https:\/\/www.brazilianpress.com\/v1\/wp-content\/uploads\/2024\/01\/FOTO-2-CARNAVAL.jpg 700w, https:\/\/www.brazilianpress.com\/v1\/wp-content\/uploads\/2024\/01\/FOTO-2-CARNAVAL-300x225.jpg 300w, https:\/\/www.brazilianpress.com\/v1\/wp-content\/uploads\/2024\/01\/FOTO-2-CARNAVAL-180x135.jpg 180w, https:\/\/www.brazilianpress.com\/v1\/wp-content\/uploads\/2024\/01\/FOTO-2-CARNAVAL-400x300.jpg 400w, https:\/\/www.brazilianpress.com\/v1\/wp-content\/uploads\/2024\/01\/FOTO-2-CARNAVAL-600x450.jpg 600w\" sizes=\"(max-width: 700px) 100vw, 700px\" \/><\/p>\n<p>Inaugurando o 200\u00b0 anivers\u00e1rio das Rela\u00e7\u00f5es Culturais entre Brasil e EUA, este Evento far\u00e1 voc\u00ea dan\u00e7ar e balan\u00e7ar por Toda a Noite, enquanto pode deliciar-se com bebidas e sabores t\u00edpicos Brasileiros.<\/p>\n<p>O Evento tem curadoria do baiano Roger Costa, embaixador brasileiro no Museu, convidado pelo Museu para representar a cultura brasileira com eventos e programa\u00e7\u00f5es culturais.<\/p>\n<p><img loading=\"lazy\" class=\"alignnone size-full wp-image-56782\" src=\"https:\/\/www.brazilianpress.com\/v1\/wp-content\/uploads\/2024\/01\/FOTO-3-CARNAVAL.jpg\" alt=\"\" width=\"700\" height=\"525\" srcset=\"https:\/\/www.brazilianpress.com\/v1\/wp-content\/uploads\/2024\/01\/FOTO-3-CARNAVAL.jpg 700w, https:\/\/www.brazilianpress.com\/v1\/wp-content\/uploads\/2024\/01\/FOTO-3-CARNAVAL-300x225.jpg 300w, https:\/\/www.brazilianpress.com\/v1\/wp-content\/uploads\/2024\/01\/FOTO-3-CARNAVAL-180x135.jpg 180w, https:\/\/www.brazilianpress.com\/v1\/wp-content\/uploads\/2024\/01\/FOTO-3-CARNAVAL-400x300.jpg 400w, https:\/\/www.brazilianpress.com\/v1\/wp-content\/uploads\/2024\/01\/FOTO-3-CARNAVAL-600x450.jpg 600w\" sizes=\"(max-width: 700px) 100vw, 700px\" \/><\/p>\n<p>A artista, animadora e filmmaker Lunnara Luza ser\u00e1 a artista convidada da noite. A talentosa jovem est\u00e1 concebendo uma pintura exclusiva especialmente para essa ocasi\u00e3o. Al\u00e9m do agito musical, os participantes poder\u00e3o confeccionar artesanato, e participar de sorteios e brindes.<\/p>\n<p>Traga os seus Melhores Passos e Venha Celebrar os Ritmos e as Batucadas Tradicionais do Carnaval Brasileiro em sua rica Diversidade e Ess\u00eancia!<\/p>\n<p><strong>Programa\u00e7\u00e3o e Atra\u00e7\u00f5es:<\/strong><\/p>\n<p><img loading=\"lazy\" class=\"alignnone size-full wp-image-56784\" src=\"https:\/\/www.brazilianpress.com\/v1\/wp-content\/uploads\/2024\/01\/RENATO-LIMA-DJ.jpg\" alt=\"\" width=\"700\" height=\"446\" srcset=\"https:\/\/www.brazilianpress.com\/v1\/wp-content\/uploads\/2024\/01\/RENATO-LIMA-DJ.jpg 700w, https:\/\/www.brazilianpress.com\/v1\/wp-content\/uploads\/2024\/01\/RENATO-LIMA-DJ-300x191.jpg 300w\" sizes=\"(max-width: 700px) 100vw, 700px\" \/><\/p>\n<p>7 pm DJ Renato Lima toca Cl\u00e1ssicos, Marchinhas, e m\u00fasicas aut\u00eanticas de Carnaval ao longo da noite.<\/p>\n<p><img loading=\"lazy\" class=\"alignnone size-full wp-image-56779\" src=\"https:\/\/www.brazilianpress.com\/v1\/wp-content\/uploads\/2024\/01\/EVERTON-ISIDORO.jpg\" alt=\"\" width=\"700\" height=\"700\" srcset=\"https:\/\/www.brazilianpress.com\/v1\/wp-content\/uploads\/2024\/01\/EVERTON-ISIDORO.jpg 700w, https:\/\/www.brazilianpress.com\/v1\/wp-content\/uploads\/2024\/01\/EVERTON-ISIDORO-300x300.jpg 300w, https:\/\/www.brazilianpress.com\/v1\/wp-content\/uploads\/2024\/01\/EVERTON-ISIDORO-150x150.jpg 150w, https:\/\/www.brazilianpress.com\/v1\/wp-content\/uploads\/2024\/01\/EVERTON-ISIDORO-180x180.jpg 180w, https:\/\/www.brazilianpress.com\/v1\/wp-content\/uploads\/2024\/01\/EVERTON-ISIDORO-400x400.jpg 400w, https:\/\/www.brazilianpress.com\/v1\/wp-content\/uploads\/2024\/01\/EVERTON-ISIDORO-600x600.jpg 600w\" sizes=\"(max-width: 700px) 100vw, 700px\" \/><\/p>\n<p>7:45 pm Grupo Afro Mambemb\u00e9<\/p>\n<p>O Grupo Mambemb\u00e9 usa percuss\u00e3o e ritmos do samba reggae, para valorizar, preservar e expandir a cultura de m\u00fasica Percussiva Afro-Brasileira.<\/p>\n<p>Baseada em NYC e formada por membros do mundo inteiro, o Grupo celebra as tend\u00eancias e estilo multicultural dessa Cidade. Liderado pelo mestre da percuss\u00e3o Everton Isidoro, o grupo apresentar\u00e1 uma homenagem as raizes dos blocos afro de Salvador como Ile Aie e Filhos de Gandhi.<\/p>\n<p><img loading=\"lazy\" class=\"alignnone size-full wp-image-56783\" src=\"https:\/\/www.brazilianpress.com\/v1\/wp-content\/uploads\/2024\/01\/ISABELLA-RIO.jpg\" alt=\"\" width=\"700\" height=\"700\" srcset=\"https:\/\/www.brazilianpress.com\/v1\/wp-content\/uploads\/2024\/01\/ISABELLA-RIO.jpg 700w, https:\/\/www.brazilianpress.com\/v1\/wp-content\/uploads\/2024\/01\/ISABELLA-RIO-300x300.jpg 300w, https:\/\/www.brazilianpress.com\/v1\/wp-content\/uploads\/2024\/01\/ISABELLA-RIO-150x150.jpg 150w, https:\/\/www.brazilianpress.com\/v1\/wp-content\/uploads\/2024\/01\/ISABELLA-RIO-180x180.jpg 180w, https:\/\/www.brazilianpress.com\/v1\/wp-content\/uploads\/2024\/01\/ISABELLA-RIO-400x400.jpg 400w, https:\/\/www.brazilianpress.com\/v1\/wp-content\/uploads\/2024\/01\/ISABELLA-RIO-600x600.jpg 600w\" sizes=\"(max-width: 700px) 100vw, 700px\" \/><\/p>\n<p>8:15 pm Dan\u00e7arina e drag-queen Performer Isabella Rio presta tributo a estrela \u00cdcone e Bombshell Carmen Miranda e outras surpresas!<\/p>\n<p><img loading=\"lazy\" class=\"alignnone size-full wp-image-56778\" src=\"https:\/\/www.brazilianpress.com\/v1\/wp-content\/uploads\/2024\/01\/ANDRE-NEVES.jpg\" alt=\"\" width=\"700\" height=\"700\" srcset=\"https:\/\/www.brazilianpress.com\/v1\/wp-content\/uploads\/2024\/01\/ANDRE-NEVES.jpg 700w, https:\/\/www.brazilianpress.com\/v1\/wp-content\/uploads\/2024\/01\/ANDRE-NEVES-300x300.jpg 300w, https:\/\/www.brazilianpress.com\/v1\/wp-content\/uploads\/2024\/01\/ANDRE-NEVES-150x150.jpg 150w, https:\/\/www.brazilianpress.com\/v1\/wp-content\/uploads\/2024\/01\/ANDRE-NEVES-180x180.jpg 180w, https:\/\/www.brazilianpress.com\/v1\/wp-content\/uploads\/2024\/01\/ANDRE-NEVES-400x400.jpg 400w, https:\/\/www.brazilianpress.com\/v1\/wp-content\/uploads\/2024\/01\/ANDRE-NEVES-600x600.jpg 600w\" sizes=\"(max-width: 700px) 100vw, 700px\" \/><\/p>\n<p>9 pm Cantor Andr\u00e9 Neves apresenta show de Ax\u00e9 music<\/p>\n<p>Com mais de 25 anos de experi\u00eancia na ind\u00fastria musical, Andr\u00e9 Neves tem feito shows nos EUA pelos \u00faltimos 10 anos, apresentando a cultura musical brasileira para ambos Americanos e Brasileiros vivendo aqui. Ele far\u00e1 o ch\u00e3o tremer com um show inspirado nos Trios El\u00e9tricos, acompanhados de outros m\u00fasicos brilhantes, tamb\u00e9m conhecidos na comunidade onde atuam frequentemente.<\/p>\n<p><img loading=\"lazy\" class=\"alignnone size-full wp-image-56777\" src=\"https:\/\/www.brazilianpress.com\/v1\/wp-content\/uploads\/2024\/01\/SAMBA-NEW-YORK.jpg\" alt=\"\" width=\"700\" height=\"525\" srcset=\"https:\/\/www.brazilianpress.com\/v1\/wp-content\/uploads\/2024\/01\/SAMBA-NEW-YORK.jpg 700w, https:\/\/www.brazilianpress.com\/v1\/wp-content\/uploads\/2024\/01\/SAMBA-NEW-YORK-300x225.jpg 300w, https:\/\/www.brazilianpress.com\/v1\/wp-content\/uploads\/2024\/01\/SAMBA-NEW-YORK-180x135.jpg 180w, https:\/\/www.brazilianpress.com\/v1\/wp-content\/uploads\/2024\/01\/SAMBA-NEW-YORK-400x300.jpg 400w, https:\/\/www.brazilianpress.com\/v1\/wp-content\/uploads\/2024\/01\/SAMBA-NEW-YORK-600x450.jpg 600w\" sizes=\"(max-width: 700px) 100vw, 700px\" \/><\/p>\n<p>10:15 pm SAMBA NEW YORK! toma conta do palco!<\/p>\n<p>Conhecida internacionalmente, a companhia de dan\u00e7a Samba New York! tem dedicado anos de experi\u00eancia para animar, entreter e educar, al\u00e9m de incentivar pessoas de v\u00e1rios grupos, com as empolgantes dan\u00e7as e m\u00fasicas do Brasil. O Grupo est\u00e1 enraizado pelos estilos do Carnaval, Samba, Pagode, Bossa Nova e Capoeira.<\/p>\n<p>Para mais informa\u00e7\u00f5es ligue (973)745-8756 ou Visite https:\/\/newarkmuseumart.org\/event\/art-after-dark-carnival-celebration\/?date=202402151900 para mais detalhes e ingressos.<\/p>\n<p>Art After Dark tem o apoio parcial do Prudential Financial.<\/p>\n","protected":false},"excerpt":{"rendered":"<p>Newark, NJ- Ap\u00f3s o grande sucesso do Carnaval Brasileiro realizado pelo The Newark Museum of Art, 49 Washington Street em Newark, no ano passado, atraindo mais de 1.700 pessoas, a institui\u00e7\u00e3o cultural anuncia a 2nd edi\u00e7\u00e3o da celebra\u00e7\u00e3o brasileira mais popular e conhecida no mundo, pr\u00f3ximo dia 15 de Fevereiro de 2024. Junte-se a n\u00f3s para uma Noite de Ritmos Vibrantes, Fantasias coloridas, e Energia Contagiante, ao trazermos o Esp\u00edrito do Carnaval Brasileiro para o Art After Dark! Inaugurando o 200\u00b0 anivers\u00e1rio das Rela\u00e7\u00f5es Culturais entre Brasil e EUA, este Evento far\u00e1 voc\u00ea dan\u00e7ar e balan\u00e7ar por Toda a Noite, [&hellip;]<\/p>\n","protected":false},"author":1,"featured_media":56780,"comment_status":"open","ping_status":"closed","sticky":false,"template":"","format":"standard","meta":{"_links_to":"","_links_to_target":""},"categories":[4,3,1],"tags":[],"views":1179,"_links":{"self":[{"href":"https:\/\/www.brazilianpress.com\/v1\/wp-json\/wp\/v2\/posts\/56776"}],"collection":[{"href":"https:\/\/www.brazilianpress.com\/v1\/wp-json\/wp\/v2\/posts"}],"about":[{"href":"https:\/\/www.brazilianpress.com\/v1\/wp-json\/wp\/v2\/types\/post"}],"author":[{"embeddable":true,"href":"https:\/\/www.brazilianpress.com\/v1\/wp-json\/wp\/v2\/users\/1"}],"replies":[{"embeddable":true,"href":"https:\/\/www.brazilianpress.com\/v1\/wp-json\/wp\/v2\/comments?post=56776"}],"version-history":[{"count":1,"href":"https:\/\/www.brazilianpress.com\/v1\/wp-json\/wp\/v2\/posts\/56776\/revisions"}],"predecessor-version":[{"id":56785,"href":"https:\/\/www.brazilianpress.com\/v1\/wp-json\/wp\/v2\/posts\/56776\/revisions\/56785"}],"wp:featuredmedia":[{"embeddable":true,"href":"https:\/\/www.brazilianpress.com\/v1\/wp-json\/wp\/v2\/media\/56780"}],"wp:attachment":[{"href":"https:\/\/www.brazilianpress.com\/v1\/wp-json\/wp\/v2\/media?parent=56776"}],"wp:term":[{"taxonomy":"category","embeddable":true,"href":"https:\/\/www.brazilianpress.com\/v1\/wp-json\/wp\/v2\/categories?post=56776"},{"taxonomy":"post_tag","embeddable":true,"href":"https:\/\/www.brazilianpress.com\/v1\/wp-json\/wp\/v2\/tags?post=56776"}],"curies":[{"name":"wp","href":"https:\/\/api.w.org\/{rel}","templated":true}]}}