{"id":56792,"date":"2024-01-25T11:53:27","date_gmt":"2024-01-25T15:53:27","guid":{"rendered":"https:\/\/www.brazilianpress.com\/v1\/?p=56792"},"modified":"2024-01-25T11:53:27","modified_gmt":"2024-01-25T15:53:27","slug":"cruzeiro-mira-final-da-copinha-apos-17-anos-em-meio-a-reestruturacao-da-base-e-sob-olhar-do-profissional","status":"publish","type":"post","link":"https:\/\/www.brazilianpress.com\/v1\/2024\/01\/25\/cruzeiro-mira-final-da-copinha-apos-17-anos-em-meio-a-reestruturacao-da-base-e-sob-olhar-do-profissional\/","title":{"rendered":"Cruzeiro mira final da Copinha ap\u00f3s 17 anos, em meio \u00e0 reestrutura\u00e7\u00e3o da base e sob olhar do profissional"},"content":{"rendered":"<p><strong>Invicto na Copa S\u00e3o Paulo de Futebol J\u00fanior, o\u00a0Cruzeiro\u00a0enfrenta o Flamengo \u00e0s 19h30 desta segunda-feira, pela semifinal. Com as categorias de base em reestrutura\u00e7\u00e3o desde a chegada de Ronaldo Fen\u00f4meno, o time busca voltar \u00e0 decis\u00e3o da competi\u00e7\u00e3o ap\u00f3s 17 anos.<\/strong><\/p>\n<p>A \u00faltima participa\u00e7\u00e3o na final da Copinha foi em 2007, quando conquistou o \u00fanico t\u00edtulo do torneio ao bater o S\u00e3o Paulo. As outras presen\u00e7as em decis\u00f5es do torneio foram em 1996 e 2002, com derrotas para Am\u00e9rica-MG e Portuguesa-SP, respectivamente. Neste ano, se passar vai enfrentar Corinthians ou Novorizontino, que jogam \u00e0s 21h30 desta segunda-feira.<\/p>\n<p>\u00c9 a segunda edi\u00e7\u00e3o da Copinha com o\u00a0Cruzeiro\u00a0efetivamente sob comando de Ronaldo. O empres\u00e1rio adquiriu a SAF do clube em dezembro de 2021, a poucos dias da viagem da delega\u00e7\u00e3o rumo a S\u00e3o Paulo, j\u00e1 com a defini\u00e7\u00e3o dos inscritos para 2022. A gest\u00e3o de Fen\u00f4meno, em 2023 e 2024, mudou o planejamento em rela\u00e7\u00e3o \u00e0 competi\u00e7\u00e3o.<\/p>\n<p>Nessas duas \u00faltimas edi\u00e7\u00f5es, o\u00a0Cruzeiro\u00a0fez a op\u00e7\u00e3o de inscrever um time jovem para a Copinha. Considerando os 30 inscritos para 2024, a m\u00e9dia de idade foi de 17,5 anos. Houve corte de seis jogadores \u2013 sendo cinco entre 16 e 17 anos -, mas a m\u00e9dia ainda seguiu abaixo de 18. Apenas seis inscritos nasceram em 2004 e, portanto, est\u00e3o no \u00faltimo ano de idade j\u00fanior.<\/p>\n<p>O regulamento ainda permitia que atletas nascidos em 2003 disputassem a competi\u00e7\u00e3o, mas a diretoria fez a op\u00e7\u00e3o de n\u00e3o inscrever, por exemplo, os zagueiros Ruan Santos e Weverton, o volante Henrique Rodrigues e o atacante Jo\u00e3o Pedro. Com exce\u00e7\u00e3o a Weverton, emprestado ao Athletic para o Mineiro, os demais fazem a pr\u00e9-temporada com o elenco profissional, na Toca da Raposa.<\/p>\n<p>Al\u00e9m desses atletas, o meia Japa (2004) e o atacante Robert (2005) tamb\u00e9m teriam condi\u00e7\u00f5es de disputar a competi\u00e7\u00e3o, mas seguem inseridos ao profissional ap\u00f3s serem utilizados na reta final do \u00faltimo Brasileir\u00e3o.<\/p>\n<p>E \u00e9 esse o caminho que alguns jogadores do atual elenco da Copinha pode seguir ap\u00f3s o fim da competi\u00e7\u00e3o no interior de S\u00e3o Paulo. A comiss\u00e3o t\u00e9cnica de Larcam\u00f3n est\u00e1 acompanhando os jogos e tende a observar de perto algumas das pe\u00e7as comandadas por Fernando Seabra. Vale lembrar que o sub-20, desde a chegada da SAF, tem treinando na Toca da Raposa e est\u00e1 inserido ao dia a dia do profissional.<\/p>\n<p>N\u00e3o h\u00e1 uma lista fechada de jogadores que ser\u00e3o observados no profissional, mas a tend\u00eancia \u00e9 de que essa avalia\u00e7\u00e3o parta inicialmente com aqueles que est\u00e3o no \u00faltimo ano de sub-20. O lateral-direito Dorival, que se encaixa nesta situa\u00e7\u00e3o, tem ainda o agravante de ter empr\u00e9stimo apenas o meio do ano, com valor dos direitos econ\u00f4micos fixados. No ano passado, em situa\u00e7\u00e3o parecida, Ian Luccas ficou fora da Copinha, come\u00e7ou o Mineiro titular com Pezzolano e foi comprado junto \u00e0 Ferrovi\u00e1ria.<\/p>\n<p>Os demais jogadores nascidos em 2004 s\u00e3o o zagueiro Pedr\u00e3o, os meias Jhosefer, Vitinho e Xavier, e o atacante Arthur Viana. Todos eles s\u00e3o titulares da equipe, sendo que Vitinho e Arthur t\u00eam os contratos mais curtos, at\u00e9 dezembro de 2024 e janeiro de 2025, respectivamente. Os outros tr\u00eas t\u00eam v\u00ednculo at\u00e9 o final de 2025.<\/p>\n<p>Na entrevista de apresenta\u00e7\u00e3o como t\u00e9cnico do\u00a0Cruzeiro, no in\u00edcio do m\u00eas, Larcam\u00f3n deu ind\u00edcios de que observar\u00e1 jovens dentro dos treinos e jogos.<\/p>\n<p>&#8211; Eu sou, na ess\u00eancia, formador. Minha carreira, minha trajet\u00f3ria, muito antes do plano profissional, t\u00eam a ver com anos no futebol jovem, no futebol formativo, com o qual eu me identifico. Mas tamb\u00e9m entendendo que o lugar \u00e9 o jovem que ganha. Ele ganha, tem a capacidade e a possibilidade de n\u00e3o s\u00f3 participar, mas de se consolidar.<\/p>\n<p>No ano passado, al\u00e9m de al\u00e7ar Japa e Robert ao profissional de forma definitiva, o sub-20 do\u00a0Cruzeiro\u00a0tamb\u00e9m conseguiu resultados importantes em termos de t\u00edtulos, encerrando a temporada com as conquistas do Mineiro e da Copa do Brasil.<\/p>\n","protected":false},"excerpt":{"rendered":"<p>Invicto na Copa S\u00e3o Paulo de Futebol J\u00fanior, o\u00a0Cruzeiro\u00a0enfrenta o Flamengo \u00e0s 19h30 desta segunda-feira, pela semifinal. Com as categorias de base em reestrutura\u00e7\u00e3o desde a chegada de Ronaldo Fen\u00f4meno, o time busca voltar \u00e0 decis\u00e3o da competi\u00e7\u00e3o ap\u00f3s 17 anos. A \u00faltima participa\u00e7\u00e3o na final da Copinha foi em 2007, quando conquistou o \u00fanico t\u00edtulo do torneio ao bater o S\u00e3o Paulo. As outras presen\u00e7as em decis\u00f5es do torneio foram em 1996 e 2002, com derrotas para Am\u00e9rica-MG e Portuguesa-SP, respectivamente. Neste ano, se passar vai enfrentar Corinthians ou Novorizontino, que jogam \u00e0s 21h30 desta segunda-feira. \u00c9 a segunda [&hellip;]<\/p>\n","protected":false},"author":1,"featured_media":56793,"comment_status":"open","ping_status":"closed","sticky":false,"template":"","format":"standard","meta":{"_links_to":"","_links_to_target":""},"categories":[9,1],"tags":[],"views":1035,"_links":{"self":[{"href":"https:\/\/www.brazilianpress.com\/v1\/wp-json\/wp\/v2\/posts\/56792"}],"collection":[{"href":"https:\/\/www.brazilianpress.com\/v1\/wp-json\/wp\/v2\/posts"}],"about":[{"href":"https:\/\/www.brazilianpress.com\/v1\/wp-json\/wp\/v2\/types\/post"}],"author":[{"embeddable":true,"href":"https:\/\/www.brazilianpress.com\/v1\/wp-json\/wp\/v2\/users\/1"}],"replies":[{"embeddable":true,"href":"https:\/\/www.brazilianpress.com\/v1\/wp-json\/wp\/v2\/comments?post=56792"}],"version-history":[{"count":1,"href":"https:\/\/www.brazilianpress.com\/v1\/wp-json\/wp\/v2\/posts\/56792\/revisions"}],"predecessor-version":[{"id":56794,"href":"https:\/\/www.brazilianpress.com\/v1\/wp-json\/wp\/v2\/posts\/56792\/revisions\/56794"}],"wp:featuredmedia":[{"embeddable":true,"href":"https:\/\/www.brazilianpress.com\/v1\/wp-json\/wp\/v2\/media\/56793"}],"wp:attachment":[{"href":"https:\/\/www.brazilianpress.com\/v1\/wp-json\/wp\/v2\/media?parent=56792"}],"wp:term":[{"taxonomy":"category","embeddable":true,"href":"https:\/\/www.brazilianpress.com\/v1\/wp-json\/wp\/v2\/categories?post=56792"},{"taxonomy":"post_tag","embeddable":true,"href":"https:\/\/www.brazilianpress.com\/v1\/wp-json\/wp\/v2\/tags?post=56792"}],"curies":[{"name":"wp","href":"https:\/\/api.w.org\/{rel}","templated":true}]}}