{"id":56801,"date":"2024-01-25T11:59:50","date_gmt":"2024-01-25T15:59:50","guid":{"rendered":"https:\/\/www.brazilianpress.com\/v1\/?p=56801"},"modified":"2024-01-25T11:59:50","modified_gmt":"2024-01-25T15:59:50","slug":"brasil-dolar-aproxima-se-de-r-5-apos-anuncio-de-nova-politica-industrial","status":"publish","type":"post","link":"https:\/\/www.brazilianpress.com\/v1\/2024\/01\/25\/brasil-dolar-aproxima-se-de-r-5-apos-anuncio-de-nova-politica-industrial\/","title":{"rendered":"Brasil: D\u00f3lar aproxima-se de R$ 5 ap\u00f3s an\u00fancio de nova pol\u00edtica industrial"},"content":{"rendered":"<p><strong>A nova pol\u00edtica industrial, lan\u00e7ada na segunda-feira (22), n\u00e3o teve boa recep\u00e7\u00e3o no mercado financeiro. O d\u00f3lar aproximou-se de R$ 5 e fechou na maior cota\u00e7\u00e3o do ano. A bolsa de valores caiu quase 1% e atingiu o menor n\u00edvel em 40 dias.<\/strong><\/p>\n<p>O d\u00f3lar comercial encerrou esta segunda vendido a R$ 4,988, com alta de R$ 0,061 (+1,24%). A divisa iniciou o dia em leve alta, mas passou a disparar ainda durante a manh\u00e3, assim que o governo anunciou o programa Nova Ind\u00fastria Brasil. Na m\u00e1xima do dia, por volta das 13h45, alcan\u00e7ou R$ 4,99.<\/p>\n<p>Com o desempenho desta segunda, a moeda norte-americana acumula alta de 2,78% em janeiro. Somente nos \u00faltimos dez dias, o d\u00f3lar subiu 2,68%.<\/p>\n<p>O dia tamb\u00e9m foi tenso no mercado de a\u00e7\u00f5es. O \u00edndice Ibovespa, da B3, fechou aos 126.602 pontos, com recuo de 0,81%. O indicador est\u00e1 no menor n\u00edvel desde 12 de dezembro e acumula queda de 5,65% em 2024.<\/p>\n<p>H\u00e1 cerca de dez dias, o d\u00f3lar come\u00e7ou a subir, e a bolsa a cair, por causa da expectativa de que o Banco Central norte-americano s\u00f3 comece a cortar os juros em maio. Taxas altas em economias avan\u00e7adas estimulam a fuga de capitais de pa\u00edses emergentes, como o Brasil.<\/p>\n<p>Nesta segunda-feira, por\u00e9m, prevaleceram as preocupa\u00e7\u00f5es com os efeitos da pol\u00edtica industrial sobre as contas p\u00fablicas. Isso porque o plano, que prev\u00ea R$ 300 bilh\u00f5es em financiamentos e medidas como subs\u00eddios e incentivos tribut\u00e1rios, trar\u00e1 dificuldades \u00e0 equipe econ\u00f4mica em atingir a meta de zerar o d\u00e9ficit prim\u00e1rio neste ano, como determina a Lei de Diretrizes Or\u00e7ament\u00e1rias (LDO).<\/p>\n<p>No exterior, as principais bolsas subiram nesta segunda e o d\u00f3lar encerrou o dia praticamente est\u00e1vel, com pequena alta em rela\u00e7\u00e3o \u00e0s principais moedas internacionais. (ABr)<\/p>\n","protected":false},"excerpt":{"rendered":"<p>A nova pol\u00edtica industrial, lan\u00e7ada na segunda-feira (22), n\u00e3o teve boa recep\u00e7\u00e3o no mercado financeiro. O d\u00f3lar aproximou-se de R$ 5 e fechou na maior cota\u00e7\u00e3o do ano. A bolsa de valores caiu quase 1% e atingiu o menor n\u00edvel em 40 dias. O d\u00f3lar comercial encerrou esta segunda vendido a R$ 4,988, com alta de R$ 0,061 (+1,24%). A divisa iniciou o dia em leve alta, mas passou a disparar ainda durante a manh\u00e3, assim que o governo anunciou o programa Nova Ind\u00fastria Brasil. Na m\u00e1xima do dia, por volta das 13h45, alcan\u00e7ou R$ 4,99. Com o desempenho desta [&hellip;]<\/p>\n","protected":false},"author":1,"featured_media":49332,"comment_status":"open","ping_status":"closed","sticky":false,"template":"","format":"standard","meta":{"_links_to":"","_links_to_target":""},"categories":[7,1],"tags":[],"views":932,"_links":{"self":[{"href":"https:\/\/www.brazilianpress.com\/v1\/wp-json\/wp\/v2\/posts\/56801"}],"collection":[{"href":"https:\/\/www.brazilianpress.com\/v1\/wp-json\/wp\/v2\/posts"}],"about":[{"href":"https:\/\/www.brazilianpress.com\/v1\/wp-json\/wp\/v2\/types\/post"}],"author":[{"embeddable":true,"href":"https:\/\/www.brazilianpress.com\/v1\/wp-json\/wp\/v2\/users\/1"}],"replies":[{"embeddable":true,"href":"https:\/\/www.brazilianpress.com\/v1\/wp-json\/wp\/v2\/comments?post=56801"}],"version-history":[{"count":1,"href":"https:\/\/www.brazilianpress.com\/v1\/wp-json\/wp\/v2\/posts\/56801\/revisions"}],"predecessor-version":[{"id":56802,"href":"https:\/\/www.brazilianpress.com\/v1\/wp-json\/wp\/v2\/posts\/56801\/revisions\/56802"}],"wp:featuredmedia":[{"embeddable":true,"href":"https:\/\/www.brazilianpress.com\/v1\/wp-json\/wp\/v2\/media\/49332"}],"wp:attachment":[{"href":"https:\/\/www.brazilianpress.com\/v1\/wp-json\/wp\/v2\/media?parent=56801"}],"wp:term":[{"taxonomy":"category","embeddable":true,"href":"https:\/\/www.brazilianpress.com\/v1\/wp-json\/wp\/v2\/categories?post=56801"},{"taxonomy":"post_tag","embeddable":true,"href":"https:\/\/www.brazilianpress.com\/v1\/wp-json\/wp\/v2\/tags?post=56801"}],"curies":[{"name":"wp","href":"https:\/\/api.w.org\/{rel}","templated":true}]}}