{"id":56812,"date":"2024-01-26T17:53:12","date_gmt":"2024-01-26T21:53:12","guid":{"rendered":"https:\/\/www.brazilianpress.com\/v1\/?p=56812"},"modified":"2024-01-26T17:53:12","modified_gmt":"2024-01-26T21:53:12","slug":"justica-dos-eua-aceita-o-pedido-de-recuperacao-judicial-da-empresa-aerea-brasileira-gol","status":"publish","type":"post","link":"https:\/\/www.brazilianpress.com\/v1\/2024\/01\/26\/justica-dos-eua-aceita-o-pedido-de-recuperacao-judicial-da-empresa-aerea-brasileira-gol\/","title":{"rendered":"Justi\u00e7a dos EUA aceita o pedido de recupera\u00e7\u00e3o judicial da empresa a\u00e9rea brasileira Gol"},"content":{"rendered":"<p><strong>A Justi\u00e7a dos Estados Unidos acatou o pedido de recupera\u00e7\u00e3o judicial apresentado pela empresa a\u00e9rea Gol, em uma decis\u00e3o publicada nesta sexta-feira 26. Com isso, a companhia inicia o processo para repactuar uma d\u00edvida estimada em 19,5 bilh\u00f5es de reais.<\/strong><\/p>\n<p>O parecer favor\u00e1vel partiu do Tribunal de Fal\u00eancias de Nova York. Agora, a empresa ter\u00e1 acesso a um cr\u00e9dito de 950 milh\u00f5es de d\u00f3lares junto ao grupo Abra, respons\u00e1vel por Gol e Avianca. A quantia, informou a companhia a\u00e9rea em fato revelante divulgado ao mercado, ser\u00e1 aplicada com objetivo de\u00a0garantir \u201cliquidez substancial para apoiar as opera\u00e7\u00f5es, que seguem normalmente, durante o processo de reestrutura\u00e7\u00e3o financeira\u201d.<\/p>\n<p>O pedido de recupera\u00e7\u00e3o judicial foi apresentado pela Gol na quinta-feira 25. A empresa acionou o cap\u00edtulo 11 da\u00a0Lei de Fal\u00eancias nos EUA, a prever medidas para levantar capital, reestruturar as finan\u00e7as e fortalecer opera\u00e7\u00f5es comerciais no longo prazo de empresa. A demanda aconteceu \u00e0 luz da elabora\u00e7\u00e3o de um fundo de at\u00e9 6 bilh\u00f5es de reais para socorrer empresas privadas do setor a\u00e9reo, anunciado pelo governo federal. O Minist\u00e9rio de Portos e Aeroportos tamb\u00e9m divulgou uma articula\u00e7\u00e3o para reduzir o pre\u00e7o do do querosene para avia\u00e7\u00e3o.<\/p>\n","protected":false},"excerpt":{"rendered":"<p>A Justi\u00e7a dos Estados Unidos acatou o pedido de recupera\u00e7\u00e3o judicial apresentado pela empresa a\u00e9rea Gol, em uma decis\u00e3o publicada nesta sexta-feira 26. Com isso, a companhia inicia o processo para repactuar uma d\u00edvida estimada em 19,5 bilh\u00f5es de reais. O parecer favor\u00e1vel partiu do Tribunal de Fal\u00eancias de Nova York. Agora, a empresa ter\u00e1 acesso a um cr\u00e9dito de 950 milh\u00f5es de d\u00f3lares junto ao grupo Abra, respons\u00e1vel por Gol e Avianca. A quantia, informou a companhia a\u00e9rea em fato revelante divulgado ao mercado, ser\u00e1 aplicada com objetivo de\u00a0garantir \u201cliquidez substancial para apoiar as opera\u00e7\u00f5es, que seguem normalmente, durante [&hellip;]<\/p>\n","protected":false},"author":1,"featured_media":56813,"comment_status":"open","ping_status":"closed","sticky":false,"template":"","format":"standard","meta":{"_links_to":"","_links_to_target":""},"categories":[3,1,10],"tags":[],"views":587,"_links":{"self":[{"href":"https:\/\/www.brazilianpress.com\/v1\/wp-json\/wp\/v2\/posts\/56812"}],"collection":[{"href":"https:\/\/www.brazilianpress.com\/v1\/wp-json\/wp\/v2\/posts"}],"about":[{"href":"https:\/\/www.brazilianpress.com\/v1\/wp-json\/wp\/v2\/types\/post"}],"author":[{"embeddable":true,"href":"https:\/\/www.brazilianpress.com\/v1\/wp-json\/wp\/v2\/users\/1"}],"replies":[{"embeddable":true,"href":"https:\/\/www.brazilianpress.com\/v1\/wp-json\/wp\/v2\/comments?post=56812"}],"version-history":[{"count":1,"href":"https:\/\/www.brazilianpress.com\/v1\/wp-json\/wp\/v2\/posts\/56812\/revisions"}],"predecessor-version":[{"id":56814,"href":"https:\/\/www.brazilianpress.com\/v1\/wp-json\/wp\/v2\/posts\/56812\/revisions\/56814"}],"wp:featuredmedia":[{"embeddable":true,"href":"https:\/\/www.brazilianpress.com\/v1\/wp-json\/wp\/v2\/media\/56813"}],"wp:attachment":[{"href":"https:\/\/www.brazilianpress.com\/v1\/wp-json\/wp\/v2\/media?parent=56812"}],"wp:term":[{"taxonomy":"category","embeddable":true,"href":"https:\/\/www.brazilianpress.com\/v1\/wp-json\/wp\/v2\/categories?post=56812"},{"taxonomy":"post_tag","embeddable":true,"href":"https:\/\/www.brazilianpress.com\/v1\/wp-json\/wp\/v2\/tags?post=56812"}],"curies":[{"name":"wp","href":"https:\/\/api.w.org\/{rel}","templated":true}]}}