{"id":56815,"date":"2024-01-27T12:28:00","date_gmt":"2024-01-27T16:28:00","guid":{"rendered":"https:\/\/www.brazilianpress.com\/v1\/?p=56815"},"modified":"2024-01-27T12:28:00","modified_gmt":"2024-01-27T16:28:00","slug":"capturado-nos-eua-catarinense-condenado-por-estupro-e-deportado-e-preso-em-minas-gerais","status":"publish","type":"post","link":"https:\/\/www.brazilianpress.com\/v1\/2024\/01\/27\/capturado-nos-eua-catarinense-condenado-por-estupro-e-deportado-e-preso-em-minas-gerais\/","title":{"rendered":"Capturado nos EUA, catarinense condenado por estupro \u00e9 deportado e preso em Minas Gerais"},"content":{"rendered":"<p><strong>Um homem de 62 anos condenado por estupro de vulner\u00e1vel em Santa Catarina e que foi capturado nos Estados Unidos foi extraditado nessa sexta-feira (26). Natural de Blumenau, ele foi condenado a 12 anos de pris\u00e3o em abril do ano passado. O criminoso, por\u00e9m, fugiu para os Estados Unidos e deu entrada em Nova York usando um visto de turista antes da senten\u00e7a definitiva.<\/strong><\/p>\n<p>Ele foi capturado por agentes da Unidade de Apreens\u00e3o de Fugitivos Estrangeiros &#8211; que \u00e9 a autoridade de Imigra\u00e7\u00e3o dos EUA &#8211; em Boston, no estado de Massachusetts. Informada da situa\u00e7\u00e3o, a Justi\u00e7a catarinense pediu a extradi\u00e7\u00e3o do criminoso. Ele chegou ao pa\u00eds nessa sexta-feira junto a outros quatro criminosos brasileiros presos nos Estados Unidos.<\/p>\n<p>Todos os foragidos internacionais foram detidos em solo americano por estarem em desacordo com as normas migrat\u00f3rias daquele pa\u00eds e pela exist\u00eancia de mandados de captura internacional da Interpol contra eles. Os cinco foram presos ao desembarcarem no Aeroporto de Confins, em Belo Horizonte-MG. Ap\u00f3s o exame de corpo de delito, dois foram conduzidos ao Complexo Penitenci\u00e1rio Nelson Hungria, em Contagem-MG e os outros tr\u00eas para o Pres\u00eddio Inspetor Jos\u00e9 Martinho Drumond em Ribeir\u00e3o das Neves-MG, onde ficar\u00e3o sob cust\u00f3dia da justi\u00e7a brasileira.<\/p>\n","protected":false},"excerpt":{"rendered":"<p>Um homem de 62 anos condenado por estupro de vulner\u00e1vel em Santa Catarina e que foi capturado nos Estados Unidos foi extraditado nessa sexta-feira (26). Natural de Blumenau, ele foi condenado a 12 anos de pris\u00e3o em abril do ano passado. O criminoso, por\u00e9m, fugiu para os Estados Unidos e deu entrada em Nova York usando um visto de turista antes da senten\u00e7a definitiva. Ele foi capturado por agentes da Unidade de Apreens\u00e3o de Fugitivos Estrangeiros &#8211; que \u00e9 a autoridade de Imigra\u00e7\u00e3o dos EUA &#8211; em Boston, no estado de Massachusetts. Informada da situa\u00e7\u00e3o, a Justi\u00e7a catarinense pediu a [&hellip;]<\/p>\n","protected":false},"author":1,"featured_media":52720,"comment_status":"open","ping_status":"closed","sticky":false,"template":"","format":"standard","meta":{"_links_to":"","_links_to_target":""},"categories":[4,3,1],"tags":[],"views":633,"_links":{"self":[{"href":"https:\/\/www.brazilianpress.com\/v1\/wp-json\/wp\/v2\/posts\/56815"}],"collection":[{"href":"https:\/\/www.brazilianpress.com\/v1\/wp-json\/wp\/v2\/posts"}],"about":[{"href":"https:\/\/www.brazilianpress.com\/v1\/wp-json\/wp\/v2\/types\/post"}],"author":[{"embeddable":true,"href":"https:\/\/www.brazilianpress.com\/v1\/wp-json\/wp\/v2\/users\/1"}],"replies":[{"embeddable":true,"href":"https:\/\/www.brazilianpress.com\/v1\/wp-json\/wp\/v2\/comments?post=56815"}],"version-history":[{"count":1,"href":"https:\/\/www.brazilianpress.com\/v1\/wp-json\/wp\/v2\/posts\/56815\/revisions"}],"predecessor-version":[{"id":56816,"href":"https:\/\/www.brazilianpress.com\/v1\/wp-json\/wp\/v2\/posts\/56815\/revisions\/56816"}],"wp:featuredmedia":[{"embeddable":true,"href":"https:\/\/www.brazilianpress.com\/v1\/wp-json\/wp\/v2\/media\/52720"}],"wp:attachment":[{"href":"https:\/\/www.brazilianpress.com\/v1\/wp-json\/wp\/v2\/media?parent=56815"}],"wp:term":[{"taxonomy":"category","embeddable":true,"href":"https:\/\/www.brazilianpress.com\/v1\/wp-json\/wp\/v2\/categories?post=56815"},{"taxonomy":"post_tag","embeddable":true,"href":"https:\/\/www.brazilianpress.com\/v1\/wp-json\/wp\/v2\/tags?post=56815"}],"curies":[{"name":"wp","href":"https:\/\/api.w.org\/{rel}","templated":true}]}}