{"id":56817,"date":"2024-01-28T11:40:45","date_gmt":"2024-01-28T15:40:45","guid":{"rendered":"https:\/\/www.brazilianpress.com\/v1\/?p=56817"},"modified":"2024-01-28T11:41:24","modified_gmt":"2024-01-28T15:41:24","slug":"saiba-o-que-fizeram-os-5-criminosos-que-vieram-no-voo-de-deportados-dos-eua-ao-aeroporto-de-confins-na-sexta","status":"publish","type":"post","link":"https:\/\/www.brazilianpress.com\/v1\/2024\/01\/28\/saiba-o-que-fizeram-os-5-criminosos-que-vieram-no-voo-de-deportados-dos-eua-ao-aeroporto-de-confins-na-sexta\/","title":{"rendered":"Saiba o que fizeram os 5 criminosos que vieram no voo de deportados dos EUA ao Aeroporto de Confins na sexta"},"content":{"rendered":"<p><strong>A Pol\u00edcia Federal prendeu ontem, sexta-feira (26), cinco brasileiros que estavam foragidos da justi\u00e7a do Brasil. Eles eram alvos de Difus\u00e3o Vermelha e foram deportados dos Estados Unidos, desembarcando no Aeroporto Internacional Tancredo Neves, em Confins (MG). Conforme relatado pelo AEROIN, o voo de deportados, contratado pelo governo norte-americano junto \u00e0 empresa Global Crossing Airlines (GlobalX), foi realizado pelo Airbus A320 registrado sob a matr\u00edcula N837VA.<\/strong><\/p>\n<p>A aeronave partiu de Alexandria, nos Estados Unidos, com paradas de reabastecimento no Panam\u00e1 e no Aeroporto Internacional Eduardo Gomes, em Manaus (AM), antes de finalmente chegar a Minas Gerais. Segundo detalha a PF, entre os deportados, um dos extraditados, natural de Santa Rita do Itueto\/MG, foi condenado a uma pena de oito anos de reclus\u00e3o pelo crime de estupro cometido contra um menor em 2012, naquele munic\u00edpio.<\/p>\n<p>Outro extraditado, origin\u00e1rio de Campan\u00e1rio\/MG, foi condenado a nove anos de pris\u00e3o por estupro e c\u00e1rcere privado ocorridos em 2013, contra sua ex-namorada, no mesmo munic\u00edpio. Nascido em Caratinga\/MG, outro preso foi condenado a nove anos de pris\u00e3o por tr\u00e1fico de drogas praticado em 2017, no munic\u00edpio de Entre Folhas. A pris\u00e3o foi decretada pela 1\u00aa Vara Criminal de Execu\u00e7\u00f5es Penais de Caratinga\/MG.<\/p>\n<p>Outro foragido, nascido em Ipatinga, foi detido devido a um mandado de pris\u00e3o expedido pela 2\u00aa Vara Criminal de Ipatinga\/MG, por portar ilegalmente uma arma de fogo com numera\u00e7\u00e3o raspada e muni\u00e7\u00e3o de uso restrito. Por fim, um indiv\u00edduo natural de Blumenau, com 62 anos, tamb\u00e9m foi preso por ser foragido da Justi\u00e7a de Santa Catarina, condenado a 12 anos de reclus\u00e3o pela pr\u00e1tica de estupro em 2018, em pelo menos tr\u00eas ocasi\u00f5es distintas, na cidade de Florian\u00f3polis.<\/p>\n<p>Todos os foragidos internacionais foram detidos em solo americano pela ICE \u2013 U.S. Immigration and Customs Enforcement, que \u00e9 a autoridade de Imigra\u00e7\u00e3o dos EUA, por estarem em desacordo com as normas migrat\u00f3rias daquele pa\u00eds e devido \u00e0 exist\u00eancia de mandados de captura internacional da Interpol contra eles. Ap\u00f3s desembarcarem no Aeroporto de Confins, os presos passaram por exame de corpo de delito. Dois deles foram conduzidos ao Complexo Penitenci\u00e1rio Nelson Hungria, em Contagem, e os outros tr\u00eas para o Pres\u00eddio Inspetor Jos\u00e9 Martinho Drumond, em Ribeir\u00e3o das Neves, onde ficar\u00e3o sob cust\u00f3dia da justi\u00e7a brasileira.<\/p>\n<p>Nos pr\u00f3ximos dias, o AEROIN trar\u00e1 mais informa\u00e7\u00f5es sobre qual foi o n\u00famero total de deportados, al\u00e9m dos cinco criminosos, que chegaram no voo da sexta-feira ao Brasil. Conforme levantamento do criador de conte\u00fado digital Ricardo Morgan (@morganspotter), especializado em fotos e v\u00eddeos das aeronaves que passam pelo aeroporto mineiro, este foi o voo de deportados de n\u00famero 103 desde que os governos do Brasil e dos Estados Unidos firmaram, em 2019, um acordo que viabilizou a deporta\u00e7\u00e3o de brasileiros irregulares em solo norte-americano. No total, mais de 9 mil brasileiros j\u00e1 foram deportados. Com informa\u00e7\u00f5es da Pol\u00edcia Federal.<\/p>\n","protected":false},"excerpt":{"rendered":"<p>A Pol\u00edcia Federal prendeu ontem, sexta-feira (26), cinco brasileiros que estavam foragidos da justi\u00e7a do Brasil. Eles eram alvos de Difus\u00e3o Vermelha e foram deportados dos Estados Unidos, desembarcando no Aeroporto Internacional Tancredo Neves, em Confins (MG). Conforme relatado pelo AEROIN, o voo de deportados, contratado pelo governo norte-americano junto \u00e0 empresa Global Crossing Airlines (GlobalX), foi realizado pelo Airbus A320 registrado sob a matr\u00edcula N837VA. A aeronave partiu de Alexandria, nos Estados Unidos, com paradas de reabastecimento no Panam\u00e1 e no Aeroporto Internacional Eduardo Gomes, em Manaus (AM), antes de finalmente chegar a Minas Gerais. Segundo detalha a PF, [&hellip;]<\/p>\n","protected":false},"author":1,"featured_media":56818,"comment_status":"open","ping_status":"closed","sticky":false,"template":"","format":"standard","meta":{"_links_to":"","_links_to_target":""},"categories":[4,3,1],"tags":[],"views":766,"_links":{"self":[{"href":"https:\/\/www.brazilianpress.com\/v1\/wp-json\/wp\/v2\/posts\/56817"}],"collection":[{"href":"https:\/\/www.brazilianpress.com\/v1\/wp-json\/wp\/v2\/posts"}],"about":[{"href":"https:\/\/www.brazilianpress.com\/v1\/wp-json\/wp\/v2\/types\/post"}],"author":[{"embeddable":true,"href":"https:\/\/www.brazilianpress.com\/v1\/wp-json\/wp\/v2\/users\/1"}],"replies":[{"embeddable":true,"href":"https:\/\/www.brazilianpress.com\/v1\/wp-json\/wp\/v2\/comments?post=56817"}],"version-history":[{"count":2,"href":"https:\/\/www.brazilianpress.com\/v1\/wp-json\/wp\/v2\/posts\/56817\/revisions"}],"predecessor-version":[{"id":56820,"href":"https:\/\/www.brazilianpress.com\/v1\/wp-json\/wp\/v2\/posts\/56817\/revisions\/56820"}],"wp:featuredmedia":[{"embeddable":true,"href":"https:\/\/www.brazilianpress.com\/v1\/wp-json\/wp\/v2\/media\/56818"}],"wp:attachment":[{"href":"https:\/\/www.brazilianpress.com\/v1\/wp-json\/wp\/v2\/media?parent=56817"}],"wp:term":[{"taxonomy":"category","embeddable":true,"href":"https:\/\/www.brazilianpress.com\/v1\/wp-json\/wp\/v2\/categories?post=56817"},{"taxonomy":"post_tag","embeddable":true,"href":"https:\/\/www.brazilianpress.com\/v1\/wp-json\/wp\/v2\/tags?post=56817"}],"curies":[{"name":"wp","href":"https:\/\/api.w.org\/{rel}","templated":true}]}}