{"id":56821,"date":"2024-01-29T13:30:58","date_gmt":"2024-01-29T17:30:58","guid":{"rendered":"https:\/\/www.brazilianpress.com\/v1\/?p=56821"},"modified":"2024-01-29T13:30:58","modified_gmt":"2024-01-29T17:30:58","slug":"portugal-pt-quer-que-presidente-lula-se-posicione-sobre-brasileiros-vitimas-de-xenofobia","status":"publish","type":"post","link":"https:\/\/www.brazilianpress.com\/v1\/2024\/01\/29\/portugal-pt-quer-que-presidente-lula-se-posicione-sobre-brasileiros-vitimas-de-xenofobia\/","title":{"rendered":"Portugal: PT quer que presidente Lula se posicione sobre brasileiros v\u00edtimas de xenofobia"},"content":{"rendered":"<p><strong>O n\u00facleo do PT em Portugal vai encaminhar ao presidente Luiz In\u00e1cio Lula da Silva uma carta na qual cobrar\u00e1 a\u00e7\u00f5es efetivas do governo para proteger os brasileiros que moram no pa\u00eds europeu e t\u00eam sido v\u00edtimas constantes de xenofobia.<\/strong><\/p>\n<p>O diret\u00f3rio do PT se reuniu na \u00faltima sexta-feira (26\/01). No encontro, foi definido um cronograma de a\u00e7\u00f5es para evidenciar todo o preconceito sofrido por brasileiros no exterior, em especial, em Portugal, onde vivem mais de 400 mil cidad\u00e3os oriundos do Brasil.<\/p>\n<p><img src=\"https:\/\/f.i.uol.com.br\/fotografia\/2022\/07\/03\/165686064162c1afe154f2e_1656860641_3x2_md.jpg\" alt=\"Presidente de Portugal se encontra com Lula - 03\/07\/2022 - Mundo - Folha\" \/><\/p>\n<p>Os brasileiros formam a maior comunidade estrangeira em Portugal. Al\u00e9m dos mais de 400 mil legalizados, cerca de 150 mil esperam pela regulariza\u00e7\u00e3o da documenta\u00e7\u00e3o e mais de 200 mil t\u00eam dupla cidadania. Para os representantes do PT, as elei\u00e7\u00f5es portuguesas marcadas para 10 de mar\u00e7o devem servir como ponte para Lula agir e definir estrat\u00e9gias com os futuros governantes para o combate ao preconceito contra imigrantes, que tem sido estimulado pela ultradireita.<\/p>\n<p>Segundo dados da Comiss\u00e3o para a Igualdade e Contra a Discrimina\u00e7\u00e3o Racial (CICDR), divulgados pelo Observat\u00f3rio das Migra\u00e7\u00f5es, ser brasileiro \u00e9, hoje, o maior motivo de discrimina\u00e7\u00e3o em Portugal. Pelo Levantamento, 34,2% das den\u00fancias de discrimina\u00e7\u00e3o feitas \u00e0 Comiss\u00e3o em 2022 est\u00e3o relacionados ao simples fato de as v\u00edtimas terem a nacionalidade brasileira. S\u00e3o comuns os registros de queixas contendo express\u00f5es como \u201cbrasileiro de merda\u201d e \u201cvolte para a sua terra\u201d.<\/p>\n<p>No cronograma de a\u00e7\u00f5es acompanhadas pelo n\u00facleo do PT est\u00e1 previsto, em 2 de fevereiro, um debate no restaurante C\u00edcero Bistrot com o cientista pol\u00edtico Christian Lynch. O evento, organizando em conjunto com a Associa\u00e7\u00e3o Brasil-Portugal 200 Anos, tratar\u00e1 da pol\u00edtica migrat\u00f3ria em poss\u00edveis governos do Partido Socialista (PS) e do Partido Social Democrata (PSD), que lideram as inten\u00e7\u00f5es de votos. Tamb\u00e9m est\u00e1 agendado, para 10 de fevereiro, um encontro das comunidades migrantes do Porto, na Associa\u00e7\u00e3o da Pasteleira, evento promovido pela Associa\u00e7\u00e3o Portuando em parceria com a Iniciativa dos Comuns.<\/p>\n<p>J\u00e1 o Comit\u00ea Popular de Mulheres em Portugal organizou o \u201cManifesto Educar para um outro Amanh\u00e3, J\u00e1!\u201d e, no \u00e2mbito das rela\u00e7\u00f5es internacionais do Partido dos Trabalhadores, o n\u00facleo do PT em Portugal vai dialogar os parceiros em Portugal (PS, PCP e Bloco de Esquerda) sobre a conjuntura pol\u00edtica e os desafios eleitorais. Mais: no sentido de aprofundar pautas na defesa da democracia e dos direitos dos trabalhadores migrantes, as associa\u00e7\u00f5es e coletivos brasileiros v\u00e3o conversar com outras organiza\u00e7\u00f5es antirracistas e de migrantes em 3 de fevereiro, para elaborar um documento com pautas das popula\u00e7\u00f5es migrantes, entre outras articula\u00e7\u00f5es, contra o racismo e a xenofobia.<\/p>\n","protected":false},"excerpt":{"rendered":"<p>O n\u00facleo do PT em Portugal vai encaminhar ao presidente Luiz In\u00e1cio Lula da Silva uma carta na qual cobrar\u00e1 a\u00e7\u00f5es efetivas do governo para proteger os brasileiros que moram no pa\u00eds europeu e t\u00eam sido v\u00edtimas constantes de xenofobia. O diret\u00f3rio do PT se reuniu na \u00faltima sexta-feira (26\/01). No encontro, foi definido um cronograma de a\u00e7\u00f5es para evidenciar todo o preconceito sofrido por brasileiros no exterior, em especial, em Portugal, onde vivem mais de 400 mil cidad\u00e3os oriundos do Brasil. Os brasileiros formam a maior comunidade estrangeira em Portugal. Al\u00e9m dos mais de 400 mil legalizados, cerca de [&hellip;]<\/p>\n","protected":false},"author":1,"featured_media":56822,"comment_status":"open","ping_status":"closed","sticky":false,"template":"","format":"standard","meta":{"_links_to":"","_links_to_target":""},"categories":[3,8,1],"tags":[],"views":581,"_links":{"self":[{"href":"https:\/\/www.brazilianpress.com\/v1\/wp-json\/wp\/v2\/posts\/56821"}],"collection":[{"href":"https:\/\/www.brazilianpress.com\/v1\/wp-json\/wp\/v2\/posts"}],"about":[{"href":"https:\/\/www.brazilianpress.com\/v1\/wp-json\/wp\/v2\/types\/post"}],"author":[{"embeddable":true,"href":"https:\/\/www.brazilianpress.com\/v1\/wp-json\/wp\/v2\/users\/1"}],"replies":[{"embeddable":true,"href":"https:\/\/www.brazilianpress.com\/v1\/wp-json\/wp\/v2\/comments?post=56821"}],"version-history":[{"count":1,"href":"https:\/\/www.brazilianpress.com\/v1\/wp-json\/wp\/v2\/posts\/56821\/revisions"}],"predecessor-version":[{"id":56823,"href":"https:\/\/www.brazilianpress.com\/v1\/wp-json\/wp\/v2\/posts\/56821\/revisions\/56823"}],"wp:featuredmedia":[{"embeddable":true,"href":"https:\/\/www.brazilianpress.com\/v1\/wp-json\/wp\/v2\/media\/56822"}],"wp:attachment":[{"href":"https:\/\/www.brazilianpress.com\/v1\/wp-json\/wp\/v2\/media?parent=56821"}],"wp:term":[{"taxonomy":"category","embeddable":true,"href":"https:\/\/www.brazilianpress.com\/v1\/wp-json\/wp\/v2\/categories?post=56821"},{"taxonomy":"post_tag","embeddable":true,"href":"https:\/\/www.brazilianpress.com\/v1\/wp-json\/wp\/v2\/tags?post=56821"}],"curies":[{"name":"wp","href":"https:\/\/api.w.org\/{rel}","templated":true}]}}