{"id":56824,"date":"2024-01-29T17:24:53","date_gmt":"2024-01-29T21:24:53","guid":{"rendered":"https:\/\/www.brazilianpress.com\/v1\/?p=56824"},"modified":"2024-01-29T17:24:53","modified_gmt":"2024-01-29T21:24:53","slug":"byd-ultrapassa-a-tesla-em-vendas-globais-preocupado-elon-musk-pede-criacao-de-barreiras-comerciais","status":"publish","type":"post","link":"https:\/\/www.brazilianpress.com\/v1\/2024\/01\/29\/byd-ultrapassa-a-tesla-em-vendas-globais-preocupado-elon-musk-pede-criacao-de-barreiras-comerciais\/","title":{"rendered":"BYD ultrapassa a Tesla em vendas globais. Preocupado, Elon Musk pede cria\u00e7\u00e3o de barreiras comerciais"},"content":{"rendered":"<p><strong>O crescimento da BYD no mundo \u00e9 um fato, e parece que o pr\u00f3prio Elon Musk parece um pouco \u201camedrontado\u201d com isso dada a competitividade aos modelos da Tesla. Isto \u00e9, recentemente, Elon deu uma declara\u00e7\u00e3o a qual sugere a cria\u00e7\u00e3o das chamadas \u201cbarreiras comerciais\u201d para impedir a grande expans\u00e3o das chinesas pelo mundo. At\u00e9 a\u00ed, \u201ctudo bem\u201d. A surpresa mesmo foi a sugest\u00e3o chegar logo ap\u00f3s a BYD deixar a Tesla \u201cpara tr\u00e1s\u201d. Que tal entender isso melhor?<\/strong><\/p>\n<p>Quando o assunto \u00e9 carros tecnol\u00f3gicos, a Tesla e a BYD batem de frente com a outra. No entanto, parece que essa competivididade pelo mercado preocupa Musk, dono da americana. Isto \u00e9, desde sempre, Elon direciona elogios \u00e0s chinesas, afinal, os carros vindos de l\u00e1 representam um grande sucesso para diferentes lugares do mundo.<\/p>\n<p><img src=\"https:\/\/pplware.sapo.pt\/wp-content\/uploads\/2023\/05\/carros_byd_1.jpg\" alt=\"O que pensa Elon Musk da BYD? Opini\u00e3o muda e acha-os competitivos\" \/><\/p>\n<p>Em contrapartida, fica claro que por tr\u00e1s de tantos elogios h\u00e1 um certo \u201cinc\u00f4modo\u201d. Ali\u00e1s, dessa vez, Musk n\u00e3o conseguiu esconder muito bem isso durante uma declara\u00e7\u00e3o. De forma mais clara, tudo aconteceu durante a teleconfer\u00eancia de resultados da Tesla, no dia 24 de janeiro. No evento, o empres\u00e1rio destacou: &#8220;As montadoras chinesas s\u00e3o as montadoras mais competitivas do mundo [\u2026] Francamente, penso que, se n\u00e3o forem estabelecidas barreiras comerciais, elas ir\u00e3o praticamente demolir a maioria das outras empresas no mundo.\u201d<\/p>\n<p><strong>Quem \u00e9 maior: Tesla ou BYD?<\/strong><\/p>\n<p>H\u00e1 poucas semanas, a BYD passou as vendas globais da Tesla, deixando a marca \u201cpara tr\u00e1s\u201d na concorr\u00eancia, o que significa que, neste momento, a chinesa segue \u00e0 frente na lideran\u00e7a. Ali\u00e1s, a\u00ed vai uma curiosidade: a declara\u00e7\u00e3o de Elon foi dada logo ap\u00f3s a BYD ultrapassar as vendas da Tesla, o que sugere uma sensa\u00e7\u00e3o de \u201cderrota\u201d n\u00e3o muito bem aceita. Em n\u00fameros, para facilitar o entendimento, a BYD vendeu o total de 525.409 ve\u00edculos no \u00faltimo trimestre de 2023. Isso representa algumas dezenas de milhares a mais que Tesla. Isso porque a montadora americana comercializou o total de 484.507 ve\u00edculos exatamente no mesmo per\u00edodo.<\/p>\n<p>\u00c9 claro que a declara\u00e7\u00e3o de Musk est\u00e1 diretamente ligada ao fato da BYD deixar sua fabricante para tr\u00e1s nas vendas, mas, surpreendentemente, ele n\u00e3o \u00e9 o \u00fanico a fazer cr\u00edticas. H\u00e1 pouco, a Comiss\u00e3o Europeia abriu uma investiga\u00e7\u00e3o quanto aos subs\u00eddios relacionados aos fabricantes de ve\u00edculos el\u00e9tricos da Chinesa. Isso porque, teoricamente, o crescimento indiscriminado das produ\u00e7\u00f5es chinesas \u00e9 mais que suficiente para suprir a demanda local, e assim, redireciona os ve\u00edculos para outros mercados, o que \u201ctira o lugar\u201d de outros concorrentes. Por fim, neste momento, a China parece se comprometer com a quest\u00e3o das produ\u00e7\u00f5es, mas n\u00e3o d\u00e1 para dizer o que o futuro aguarda.<\/p>\n<p>\/\/ Fonte: Garagem 360.<\/p>\n","protected":false},"excerpt":{"rendered":"<p>O crescimento da BYD no mundo \u00e9 um fato, e parece que o pr\u00f3prio Elon Musk parece um pouco \u201camedrontado\u201d com isso dada a competitividade aos modelos da Tesla. Isto \u00e9, recentemente, Elon deu uma declara\u00e7\u00e3o a qual sugere a cria\u00e7\u00e3o das chamadas \u201cbarreiras comerciais\u201d para impedir a grande expans\u00e3o das chinesas pelo mundo. At\u00e9 a\u00ed, \u201ctudo bem\u201d. A surpresa mesmo foi a sugest\u00e3o chegar logo ap\u00f3s a BYD deixar a Tesla \u201cpara tr\u00e1s\u201d. Que tal entender isso melhor? Quando o assunto \u00e9 carros tecnol\u00f3gicos, a Tesla e a BYD batem de frente com a outra. No entanto, parece que [&hellip;]<\/p>\n","protected":false},"author":1,"featured_media":56825,"comment_status":"open","ping_status":"closed","sticky":false,"template":"","format":"standard","meta":{"_links_to":"","_links_to_target":""},"categories":[3,8,1],"tags":[],"views":835,"_links":{"self":[{"href":"https:\/\/www.brazilianpress.com\/v1\/wp-json\/wp\/v2\/posts\/56824"}],"collection":[{"href":"https:\/\/www.brazilianpress.com\/v1\/wp-json\/wp\/v2\/posts"}],"about":[{"href":"https:\/\/www.brazilianpress.com\/v1\/wp-json\/wp\/v2\/types\/post"}],"author":[{"embeddable":true,"href":"https:\/\/www.brazilianpress.com\/v1\/wp-json\/wp\/v2\/users\/1"}],"replies":[{"embeddable":true,"href":"https:\/\/www.brazilianpress.com\/v1\/wp-json\/wp\/v2\/comments?post=56824"}],"version-history":[{"count":1,"href":"https:\/\/www.brazilianpress.com\/v1\/wp-json\/wp\/v2\/posts\/56824\/revisions"}],"predecessor-version":[{"id":56826,"href":"https:\/\/www.brazilianpress.com\/v1\/wp-json\/wp\/v2\/posts\/56824\/revisions\/56826"}],"wp:featuredmedia":[{"embeddable":true,"href":"https:\/\/www.brazilianpress.com\/v1\/wp-json\/wp\/v2\/media\/56825"}],"wp:attachment":[{"href":"https:\/\/www.brazilianpress.com\/v1\/wp-json\/wp\/v2\/media?parent=56824"}],"wp:term":[{"taxonomy":"category","embeddable":true,"href":"https:\/\/www.brazilianpress.com\/v1\/wp-json\/wp\/v2\/categories?post=56824"},{"taxonomy":"post_tag","embeddable":true,"href":"https:\/\/www.brazilianpress.com\/v1\/wp-json\/wp\/v2\/tags?post=56824"}],"curies":[{"name":"wp","href":"https:\/\/api.w.org\/{rel}","templated":true}]}}