{"id":56827,"date":"2024-01-30T13:18:57","date_gmt":"2024-01-30T17:18:57","guid":{"rendered":"https:\/\/www.brazilianpress.com\/v1\/?p=56827"},"modified":"2024-01-30T13:18:57","modified_gmt":"2024-01-30T17:18:57","slug":"video-brasileiro-e-barrado-na-imigracao-em-portugal-e-sobe-em-telhado-de-aeroporto","status":"publish","type":"post","link":"https:\/\/www.brazilianpress.com\/v1\/2024\/01\/30\/video-brasileiro-e-barrado-na-imigracao-em-portugal-e-sobe-em-telhado-de-aeroporto\/","title":{"rendered":"V\u00cdDEO: Brasileiro \u00e9 barrado na imigra\u00e7\u00e3o em Portugal e sobe em telhado de aeroporto"},"content":{"rendered":"<p><strong>Um brasileiro subiu no telhado do Aeroporto de Lisboa ap\u00f3s ser impedido de entrar em Portugal na segunda-feira, 29. Ap\u00f3s horas fugindo da pol\u00edcia, ele se entregou \u00e0s autoridades. Segundo a rede de televis\u00e3o RTP, o homem estava detido e era levado ao aeroporto, mas conseguiu fugir da Pol\u00edcia Judici\u00e1ria.<\/strong><\/p>\n<p>Ele, ent\u00e3o, acessou ao telhado, sem camisa, ap\u00f3s for\u00e7ar uma placa do teto. Imagens da emissora de televis\u00e3o mostram uma equipe de policiais e psic\u00f3logos tentando convencer o homem a descer do telhado. Uma esp\u00e9cie de colch\u00e3o chegou a ser inflado para o caso de ele pular da estrutura.<\/p>\n<p>A situa\u00e7\u00e3o n\u00e3o afetou os voos, apenas o tr\u00e2nsito de quem acessava o aeroporto. De acordo com o Diario de Coimbra, o homem foi retirado do telhado, ap\u00f3s pouco mais de sete horas de negocia\u00e7\u00e3o. Em seguida, ele foi levado a um hospital para avalia\u00e7\u00e3o. <strong><span style=\"color: #993300;\">Assista:<\/span><\/strong><\/p>\n<blockquote class=\"twitter-tweet\" data-width=\"550\" data-dnt=\"true\">\n<p lang=\"pt\" dir=\"ltr\">\u23ef\ufe0f Brasileiro \u00e9 barrado em Portugal e sobe em telhado de aeroporto.<\/p>\n<p>Redes de televis\u00e3o registraram o homem, sem camisa, no telhado do aeroporto de Lisboa, em Portugal.<\/p>\n<p>Leia: <a href=\"https:\/\/t.co\/8NxcVJNsMq\">https:\/\/t.co\/8NxcVJNsMq<\/a> <a href=\"https:\/\/t.co\/T8Yb4LSMhn\">pic.twitter.com\/T8Yb4LSMhn<\/a><\/p>\n<p>&mdash; Metr\u00f3poles (@Metropoles) <a href=\"https:\/\/twitter.com\/Metropoles\/status\/1752280545927586042?ref_src=twsrc%5Etfw\">January 30, 2024<\/a><\/p><\/blockquote>\n<p><script async src=\"https:\/\/platform.twitter.com\/widgets.js\" charset=\"utf-8\"><\/script><\/p>\n","protected":false},"excerpt":{"rendered":"<p>Um brasileiro subiu no telhado do Aeroporto de Lisboa ap\u00f3s ser impedido de entrar em Portugal na segunda-feira, 29. Ap\u00f3s horas fugindo da pol\u00edcia, ele se entregou \u00e0s autoridades. Segundo a rede de televis\u00e3o RTP, o homem estava detido e era levado ao aeroporto, mas conseguiu fugir da Pol\u00edcia Judici\u00e1ria. Ele, ent\u00e3o, acessou ao telhado, sem camisa, ap\u00f3s for\u00e7ar uma placa do teto. Imagens da emissora de televis\u00e3o mostram uma equipe de policiais e psic\u00f3logos tentando convencer o homem a descer do telhado. Uma esp\u00e9cie de colch\u00e3o chegou a ser inflado para o caso de ele pular da estrutura. A [&hellip;]<\/p>\n","protected":false},"author":1,"featured_media":56828,"comment_status":"open","ping_status":"closed","sticky":false,"template":"","format":"standard","meta":{"_links_to":"","_links_to_target":""},"categories":[4,3,8],"tags":[],"views":828,"_links":{"self":[{"href":"https:\/\/www.brazilianpress.com\/v1\/wp-json\/wp\/v2\/posts\/56827"}],"collection":[{"href":"https:\/\/www.brazilianpress.com\/v1\/wp-json\/wp\/v2\/posts"}],"about":[{"href":"https:\/\/www.brazilianpress.com\/v1\/wp-json\/wp\/v2\/types\/post"}],"author":[{"embeddable":true,"href":"https:\/\/www.brazilianpress.com\/v1\/wp-json\/wp\/v2\/users\/1"}],"replies":[{"embeddable":true,"href":"https:\/\/www.brazilianpress.com\/v1\/wp-json\/wp\/v2\/comments?post=56827"}],"version-history":[{"count":1,"href":"https:\/\/www.brazilianpress.com\/v1\/wp-json\/wp\/v2\/posts\/56827\/revisions"}],"predecessor-version":[{"id":56829,"href":"https:\/\/www.brazilianpress.com\/v1\/wp-json\/wp\/v2\/posts\/56827\/revisions\/56829"}],"wp:featuredmedia":[{"embeddable":true,"href":"https:\/\/www.brazilianpress.com\/v1\/wp-json\/wp\/v2\/media\/56828"}],"wp:attachment":[{"href":"https:\/\/www.brazilianpress.com\/v1\/wp-json\/wp\/v2\/media?parent=56827"}],"wp:term":[{"taxonomy":"category","embeddable":true,"href":"https:\/\/www.brazilianpress.com\/v1\/wp-json\/wp\/v2\/categories?post=56827"},{"taxonomy":"post_tag","embeddable":true,"href":"https:\/\/www.brazilianpress.com\/v1\/wp-json\/wp\/v2\/tags?post=56827"}],"curies":[{"name":"wp","href":"https:\/\/api.w.org\/{rel}","templated":true}]}}