{"id":57229,"date":"2024-03-14T17:11:23","date_gmt":"2024-03-14T21:11:23","guid":{"rendered":"https:\/\/www.brazilianpress.com\/v1\/?p=57229"},"modified":"2024-03-14T17:11:23","modified_gmt":"2024-03-14T21:11:23","slug":"acusado-de-matar-esposa-na-irlanda-brasileiro-e-inocentado-por-insanidade","status":"publish","type":"post","link":"https:\/\/www.brazilianpress.com\/v1\/2024\/03\/14\/acusado-de-matar-esposa-na-irlanda-brasileiro-e-inocentado-por-insanidade\/","title":{"rendered":"Acusado de matar esposa na Irlanda, brasileiro \u00e9 inocentado por &#8216;insanidade&#8217;"},"content":{"rendered":"<p><strong>O brasileiro Diego Costa Silva, acusado de matar e degolar a pr\u00f3pria esposa em Dublin, na Irlanda, foi inocentado ap\u00f3s a justi\u00e7a ter alegado que ele sofre de &#8216;insanidade&#8217;. A informa\u00e7\u00e3o foi divulgada pelo site The Irish Times.<\/strong><\/p>\n<p>O acusado, que chorou ao ouvir a decis\u00e3o, ser\u00e1 avaliado em um hospital psiqui\u00e1trico e voltar\u00e1 ao tribunal no dia 22 de mar\u00e7o. Segundo a senten\u00e7a, um especialista vai fazer um relat\u00f3rio sobre o estado mental dele.<\/p>\n<p>Durante o julgamento, dois psiquiatras afirmaram, por meio de laudos, que o acusado sofria de psicose induzida pelo uso de cannabis. Outros sintomas tamb\u00e9m foram apontados, como paran\u00f3ia, del\u00edrios e alucina\u00e7\u00f5es auditivas.<\/p>\n<p><img src=\"https:\/\/www.midianews.com.br\/storage\/webdisco\/2024\/03\/08\/886x590\/71676a4781a784440da761ff37405578.jpg\" alt=\"MidiaNews | Brasileiro que matou mulher na Irlanda \u00e9 inocentado:  'insanidade'\" \/><\/p>\n<p>Os advogados de defesa ainda alegaram que Diego n\u00e3o sabia do risco de suas a\u00e7\u00f5es e nem o que estava fazendo contra a companheira. A vers\u00e3o foi aceita pelo j\u00fari, composto por sete homens e cinco mulheres.<\/p>\n<p>A brasileira Fab\u00edola C\u00e2mara de Campos Silva, de 33 anos, foi assassinada em novembro de 2021, em Dublin, na Irlanda. Segundo as investiga\u00e7\u00f5es, Diego Costa e Silva a matou e, em seguida, ligou para a emerg\u00eancia. Ainda de acordo com o The Irish Times, o diretor do Minist\u00e9rio P\u00fablico local, Shane Costelloe, informou ao j\u00fari que nas primeiras horas do dia 4 de novembro, o brasileiro atingiu a mulher com facas e a decepou.<\/p>\n<p>Posteriormente, na liga\u00e7\u00e3o para os servi\u00e7os de emerg\u00eancia, ele teria dito: &#8220;Acho que matei minha mulher. A grava\u00e7\u00e3o da chamada foi reproduzida para o j\u00fari. Os dois moravam juntos desde 2016.<\/p>\n<p>Ap\u00f3s a liga\u00e7\u00e3o, policiais se deslocaram at\u00e9 o local do crime, onde foram recebidos pelo acusado. A bermuda e o chinelo usados por Diego Costa e Silva estavam sujos de sangue, segundo as autoridades. O corpo da v\u00edtima foi encontrado de bru\u00e7os, parcialmente vestido e com uma faca enfiada no peito. Al\u00e9m disso, havia ferimentos nos punhos e no seio esquerdo.<\/p>\n","protected":false},"excerpt":{"rendered":"<p>O brasileiro Diego Costa Silva, acusado de matar e degolar a pr\u00f3pria esposa em Dublin, na Irlanda, foi inocentado ap\u00f3s a justi\u00e7a ter alegado que ele sofre de &#8216;insanidade&#8217;. A informa\u00e7\u00e3o foi divulgada pelo site The Irish Times. O acusado, que chorou ao ouvir a decis\u00e3o, ser\u00e1 avaliado em um hospital psiqui\u00e1trico e voltar\u00e1 ao tribunal no dia 22 de mar\u00e7o. Segundo a senten\u00e7a, um especialista vai fazer um relat\u00f3rio sobre o estado mental dele. Durante o julgamento, dois psiquiatras afirmaram, por meio de laudos, que o acusado sofria de psicose induzida pelo uso de cannabis. Outros sintomas tamb\u00e9m foram [&hellip;]<\/p>\n","protected":false},"author":1,"featured_media":57231,"comment_status":"open","ping_status":"closed","sticky":false,"template":"","format":"standard","meta":{"_links_to":"","_links_to_target":""},"categories":[3,8,1],"tags":[],"views":692,"_links":{"self":[{"href":"https:\/\/www.brazilianpress.com\/v1\/wp-json\/wp\/v2\/posts\/57229"}],"collection":[{"href":"https:\/\/www.brazilianpress.com\/v1\/wp-json\/wp\/v2\/posts"}],"about":[{"href":"https:\/\/www.brazilianpress.com\/v1\/wp-json\/wp\/v2\/types\/post"}],"author":[{"embeddable":true,"href":"https:\/\/www.brazilianpress.com\/v1\/wp-json\/wp\/v2\/users\/1"}],"replies":[{"embeddable":true,"href":"https:\/\/www.brazilianpress.com\/v1\/wp-json\/wp\/v2\/comments?post=57229"}],"version-history":[{"count":1,"href":"https:\/\/www.brazilianpress.com\/v1\/wp-json\/wp\/v2\/posts\/57229\/revisions"}],"predecessor-version":[{"id":57232,"href":"https:\/\/www.brazilianpress.com\/v1\/wp-json\/wp\/v2\/posts\/57229\/revisions\/57232"}],"wp:featuredmedia":[{"embeddable":true,"href":"https:\/\/www.brazilianpress.com\/v1\/wp-json\/wp\/v2\/media\/57231"}],"wp:attachment":[{"href":"https:\/\/www.brazilianpress.com\/v1\/wp-json\/wp\/v2\/media?parent=57229"}],"wp:term":[{"taxonomy":"category","embeddable":true,"href":"https:\/\/www.brazilianpress.com\/v1\/wp-json\/wp\/v2\/categories?post=57229"},{"taxonomy":"post_tag","embeddable":true,"href":"https:\/\/www.brazilianpress.com\/v1\/wp-json\/wp\/v2\/tags?post=57229"}],"curies":[{"name":"wp","href":"https:\/\/api.w.org\/{rel}","templated":true}]}}