{"id":57235,"date":"2024-03-16T12:02:28","date_gmt":"2024-03-16T16:02:28","guid":{"rendered":"https:\/\/www.brazilianpress.com\/v1\/?p=57235"},"modified":"2024-03-16T12:02:28","modified_gmt":"2024-03-16T16:02:28","slug":"desantis-assina-lei-que-visa-parar-imigracao-ilegal-na-florida-e-reforca-fronteira-em-resposta-a-crise-no-haiti","status":"publish","type":"post","link":"https:\/\/www.brazilianpress.com\/v1\/2024\/03\/16\/desantis-assina-lei-que-visa-parar-imigracao-ilegal-na-florida-e-reforca-fronteira-em-resposta-a-crise-no-haiti\/","title":{"rendered":"DeSantis assina lei que visa \u2018parar imigra\u00e7\u00e3o ilegal\u2019 na Florida e refor\u00e7a fronteira em resposta \u00e0 crise no Haiti"},"content":{"rendered":"<p><strong>Na manh\u00e3 de sexta-feira (15), o governador da Fl\u00f3rida, Ron DeSantis, acompanhado pela tenente-governadora Jeanette Nu\u00f1ez, pelo procurador-geral Ashley Moody e pelo xerife do condado de Polk, Grady Judd, concedeu uma entrevista coletiva no Gabinete do Xerife do Condado de Polk. Durante o evento, DeSantis anunciou a assinatura de uma nova legisla\u00e7\u00e3o que visa \u201cparar a imigra\u00e7\u00e3o ilegal\u201d e conter migrantes em resposta \u00e0 crise no Haiti.<\/strong><\/p>\n<p>O governador anunciou a aprova\u00e7\u00e3o do HB 1589, que intensifica as penalidades para quem dirigir sem carteira v\u00e1lida. Segundo o projeto de lei, a primeira infra\u00e7\u00e3o ser\u00e1 considerada contraven\u00e7\u00e3o de segundo grau. J\u00e1 a segunda infra\u00e7\u00e3o acarretar\u00e1 em uma contraven\u00e7\u00e3o de primeiro grau, assim como a terceira, por\u00e9m com um m\u00ednimo de 10 dias de pris\u00e3o. Al\u00e9m disso, o HB 1451 pro\u00edbe institui\u00e7\u00f5es de emitirem qualquer tipo de cart\u00e3o de identifica\u00e7\u00e3o ou documentos para indiv\u00edduos que n\u00e3o estejam legalmente presentes nos EUA. \u201cEstamos aplicando rigorosamente as leis para aqueles que entram ilegalmente em nosso estado e cometem crimes\u201d, afirmou DeSantis durante a coletiva.<\/p>\n<p>Em meio \u00e0 situa\u00e7\u00e3o cr\u00edtica no Haiti, DeSantis revelou que mais de 250 oficiais estaduais ser\u00e3o enviados para proteger a fronteira da Fl\u00f3rida contra potenciais migrantes ilegais provenientes do pa\u00eds caribenho. \u201cDadas as circunst\u00e2ncias no Haiti, ordenei \u00e0 Divis\u00e3o de Gest\u00e3o de Emerg\u00eancias, \u00e0 Guarda Estadual da Fl\u00f3rida e \u00e0s ag\u00eancias estaduais de aplica\u00e7\u00e3o da lei que enviem mais de 250 oficiais e soldados adicionais, al\u00e9m de uma d\u00fazia de embarca\u00e7\u00f5es a\u00e9reas e mar\u00edtimas para a costa sul da Fl\u00f3rida para proteger nosso estado\u201d, destacou DeSantis em um comunicado.<\/p>\n<p>Antecipando um poss\u00edvel aumento no fluxo de imigrantes ilegais do Haiti, o governador afirmou que foram mobilizados ativos estatais adicionais para as Florida Keys e para as \u00e1guas do sul da Fl\u00f3rida. \u201cA mensagem \u00e9 clara: a \u00faltima coisa que voc\u00ea quer \u00e9 entrar em um barco. \u00c9 uma jornada perigosa\u201d, alertou. A a\u00e7\u00e3o ocorre ap\u00f3s a Guarda Costeira dos EUA repatriar 65 haitianos interceptados ao largo das Bahamas e l\u00edderes do Comando Sul do pa\u00eds informarem sobre um plano de conting\u00eancia para um potencial evento de \u201cmigra\u00e7\u00e3o em massa\u201d.<\/p>\n<p>\/\/ AcheiUSA.<\/p>\n","protected":false},"excerpt":{"rendered":"<p>Na manh\u00e3 de sexta-feira (15), o governador da Fl\u00f3rida, Ron DeSantis, acompanhado pela tenente-governadora Jeanette Nu\u00f1ez, pelo procurador-geral Ashley Moody e pelo xerife do condado de Polk, Grady Judd, concedeu uma entrevista coletiva no Gabinete do Xerife do Condado de Polk. Durante o evento, DeSantis anunciou a assinatura de uma nova legisla\u00e7\u00e3o que visa \u201cparar a imigra\u00e7\u00e3o ilegal\u201d e conter migrantes em resposta \u00e0 crise no Haiti. O governador anunciou a aprova\u00e7\u00e3o do HB 1589, que intensifica as penalidades para quem dirigir sem carteira v\u00e1lida. Segundo o projeto de lei, a primeira infra\u00e7\u00e3o ser\u00e1 considerada contraven\u00e7\u00e3o de segundo grau. J\u00e1 [&hellip;]<\/p>\n","protected":false},"author":1,"featured_media":57236,"comment_status":"open","ping_status":"closed","sticky":false,"template":"","format":"standard","meta":{"_links_to":"","_links_to_target":""},"categories":[4,3,1],"tags":[],"views":638,"_links":{"self":[{"href":"https:\/\/www.brazilianpress.com\/v1\/wp-json\/wp\/v2\/posts\/57235"}],"collection":[{"href":"https:\/\/www.brazilianpress.com\/v1\/wp-json\/wp\/v2\/posts"}],"about":[{"href":"https:\/\/www.brazilianpress.com\/v1\/wp-json\/wp\/v2\/types\/post"}],"author":[{"embeddable":true,"href":"https:\/\/www.brazilianpress.com\/v1\/wp-json\/wp\/v2\/users\/1"}],"replies":[{"embeddable":true,"href":"https:\/\/www.brazilianpress.com\/v1\/wp-json\/wp\/v2\/comments?post=57235"}],"version-history":[{"count":1,"href":"https:\/\/www.brazilianpress.com\/v1\/wp-json\/wp\/v2\/posts\/57235\/revisions"}],"predecessor-version":[{"id":57237,"href":"https:\/\/www.brazilianpress.com\/v1\/wp-json\/wp\/v2\/posts\/57235\/revisions\/57237"}],"wp:featuredmedia":[{"embeddable":true,"href":"https:\/\/www.brazilianpress.com\/v1\/wp-json\/wp\/v2\/media\/57236"}],"wp:attachment":[{"href":"https:\/\/www.brazilianpress.com\/v1\/wp-json\/wp\/v2\/media?parent=57235"}],"wp:term":[{"taxonomy":"category","embeddable":true,"href":"https:\/\/www.brazilianpress.com\/v1\/wp-json\/wp\/v2\/categories?post=57235"},{"taxonomy":"post_tag","embeddable":true,"href":"https:\/\/www.brazilianpress.com\/v1\/wp-json\/wp\/v2\/tags?post=57235"}],"curies":[{"name":"wp","href":"https:\/\/api.w.org\/{rel}","templated":true}]}}