{"id":57276,"date":"2024-03-20T15:09:06","date_gmt":"2024-03-20T19:09:06","guid":{"rendered":"https:\/\/www.brazilianpress.com\/v1\/?p=57276"},"modified":"2024-03-20T15:09:06","modified_gmt":"2024-03-20T19:09:06","slug":"para-alertar-aos-interessados-em-mudancas-brasileiro-relaciona-quanto-gasta-em-euros-por-mes-vivendo-na-europa","status":"publish","type":"post","link":"https:\/\/www.brazilianpress.com\/v1\/2024\/03\/20\/para-alertar-aos-interessados-em-mudancas-brasileiro-relaciona-quanto-gasta-em-euros-por-mes-vivendo-na-europa\/","title":{"rendered":"Para alertar aos interessados em mudan\u00e7as, brasileiro relaciona quanto gasta em euros por m\u00eas vivendo na Europa"},"content":{"rendered":"<p><strong>Tem dado o que falar na internet o v\u00eddeo de um brasileiro revelando um comparativo entre quanto custa morar em Portugal e quanto recebem os assalariados. Os internautas ficaram impressionados.<\/strong><\/p>\n<p>Tiago Justi Terra se mudou para o continente europeu atr\u00e1s de melhores condi\u00e7\u00f5es de vida e, desde ent\u00e3o, passou a produzir conte\u00fado para o Instagram.<\/p>\n<p>No conte\u00fado em quest\u00e3o, o jovem pontuou que, atualmente, o sal\u00e1rio m\u00ednimo de Portugal vale \u20ac 820 (R$\u00a0aproximadamente\u00a04.463). Depois disso, ele listou todos os gastos, um a um.<\/p>\n<p>O primeiro e mais caro \u00e9 o aluguel, juntamente da \u00e1gua e energia, que pode chegar a \u20ac 550 (quase R$ 3 mil). Em seguida veio a alimenta\u00e7\u00e3o, que pode custar, em m\u00e9dia, \u20ac 120 (R$ 653).<\/p>\n<p>O plano de internet com 50 GB para o celular custa \u20ac\u00a0 13.99 (R$ 76), enquanto o plano de academia fica em torno de \u20ac 32 (R$ 174). J\u00e1 o passe de transporte, para\u00a0metr\u00f4s\u00a0e \u00f4nibus, vale \u20ac 40 (quase R$ 218). \u201cAcho muito caro\u201d, comentou sobre o \u00faltimo.<\/p>\n<p>Por fim, Tiago ainda mencionou separar \u20ac 100 pra investir no Brasil, o equivalente a R$ 544, al\u00e9m de \u20ac 50 (R$ 272) para reservas de emerg\u00eancias, o que totaliza \u20ac 905,99 (R$ 4.931,53).<\/p>\n<p>Nos coment\u00e1rios, Tiago ainda deixou um recado para quem sonha em se mudar para o pa\u00eds. \u201cGosto de mostrar a realidade. Com um sal\u00e1rio m\u00ednimo n\u00e3o se faz grandes coisas, por isso alerto sempre aos brasileiros: desistir de uma vida est\u00e1vel no Brasil (casa, carro, fam\u00edlia) pra come\u00e7ar do zero aqui em Portugal, n\u00e3o compensa\u201d, ponderou.<\/p>\n","protected":false},"excerpt":{"rendered":"<p>Tem dado o que falar na internet o v\u00eddeo de um brasileiro revelando um comparativo entre quanto custa morar em Portugal e quanto recebem os assalariados. Os internautas ficaram impressionados. Tiago Justi Terra se mudou para o continente europeu atr\u00e1s de melhores condi\u00e7\u00f5es de vida e, desde ent\u00e3o, passou a produzir conte\u00fado para o Instagram. No conte\u00fado em quest\u00e3o, o jovem pontuou que, atualmente, o sal\u00e1rio m\u00ednimo de Portugal vale \u20ac 820 (R$\u00a0aproximadamente\u00a04.463). Depois disso, ele listou todos os gastos, um a um. O primeiro e mais caro \u00e9 o aluguel, juntamente da \u00e1gua e energia, que pode chegar a [&hellip;]<\/p>\n","protected":false},"author":1,"featured_media":57277,"comment_status":"open","ping_status":"closed","sticky":false,"template":"","format":"standard","meta":{"_links_to":"","_links_to_target":""},"categories":[3,8,1],"tags":[],"views":972,"_links":{"self":[{"href":"https:\/\/www.brazilianpress.com\/v1\/wp-json\/wp\/v2\/posts\/57276"}],"collection":[{"href":"https:\/\/www.brazilianpress.com\/v1\/wp-json\/wp\/v2\/posts"}],"about":[{"href":"https:\/\/www.brazilianpress.com\/v1\/wp-json\/wp\/v2\/types\/post"}],"author":[{"embeddable":true,"href":"https:\/\/www.brazilianpress.com\/v1\/wp-json\/wp\/v2\/users\/1"}],"replies":[{"embeddable":true,"href":"https:\/\/www.brazilianpress.com\/v1\/wp-json\/wp\/v2\/comments?post=57276"}],"version-history":[{"count":1,"href":"https:\/\/www.brazilianpress.com\/v1\/wp-json\/wp\/v2\/posts\/57276\/revisions"}],"predecessor-version":[{"id":57278,"href":"https:\/\/www.brazilianpress.com\/v1\/wp-json\/wp\/v2\/posts\/57276\/revisions\/57278"}],"wp:featuredmedia":[{"embeddable":true,"href":"https:\/\/www.brazilianpress.com\/v1\/wp-json\/wp\/v2\/media\/57277"}],"wp:attachment":[{"href":"https:\/\/www.brazilianpress.com\/v1\/wp-json\/wp\/v2\/media?parent=57276"}],"wp:term":[{"taxonomy":"category","embeddable":true,"href":"https:\/\/www.brazilianpress.com\/v1\/wp-json\/wp\/v2\/categories?post=57276"},{"taxonomy":"post_tag","embeddable":true,"href":"https:\/\/www.brazilianpress.com\/v1\/wp-json\/wp\/v2\/tags?post=57276"}],"curies":[{"name":"wp","href":"https:\/\/api.w.org\/{rel}","templated":true}]}}