{"id":57282,"date":"2024-03-20T15:23:45","date_gmt":"2024-03-20T19:23:45","guid":{"rendered":"https:\/\/www.brazilianpress.com\/v1\/?p=57282"},"modified":"2024-03-20T15:23:45","modified_gmt":"2024-03-20T19:23:45","slug":"aumentam-87-os-casos-de-transtornos-alimentares-em-criancas-nos-eua-apos-pandemia","status":"publish","type":"post","link":"https:\/\/www.brazilianpress.com\/v1\/2024\/03\/20\/aumentam-87-os-casos-de-transtornos-alimentares-em-criancas-nos-eua-apos-pandemia\/","title":{"rendered":"Aumentam 87% os casos de transtornos alimentares em crian\u00e7as nos EUA ap\u00f3s pandemia"},"content":{"rendered":"<p><strong>O volume de consultas em pronto-atendimento de pacientes com transtornos alimentares aumentou consideravelmente durante e ap\u00f3s a pandemia e ainda n\u00e3o voltou aos patamares anteriores, segundo um levantamento que acaba de ser finalizado nos Estados Unidos.<\/strong><\/p>\n<p>Estudos apontam um aumento na incid\u00eancia e na gravidade desses dist\u00farbios ap\u00f3s a emerg\u00eancia sanit\u00e1ria global. Para avaliar esse impacto, pesquisadores da Universidade de Harvard examinaram os registros mensais de 38 hospitais pedi\u00e1tricos nos EUA de pacientes com idades entre 12 e 17 anos em dois momentos: antes da pandemia (entre janeiro de 2018 e mar\u00e7o de 2020) e, depois, de abril de 2020 a junho de 2022.<\/p>\n<p>Os n\u00fameros mostram que 27 meses antes da crise do coronav\u00edrus houve 2.793 visitas relacionadas a transtornos alimentares.\u00a0Esse valor subiu para 5.217 no mesmo intervalo de tempo ap\u00f3s o surgimento d covid-19, ou seja, um aumento de quase 87%. Esses pacientes procuram os servi\u00e7os com quadros como desidrata\u00e7\u00e3o intensa, grande perda de peso e at\u00e9 altera\u00e7\u00f5es no ritmo card\u00edaco.<\/p>\n<p>Mudan\u00e7as bruscas na rotina, o isolamento social, o estresse da pandemia e at\u00e9 mesmo o acesso limitado a tratamentos agravaram dist\u00farbios psicol\u00f3gicos, como ansiedade e depress\u00e3o. Os pesquisadores tamb\u00e9m notaram o aumento de transtornos alimentares como\u00a0compuls\u00e3o, compuls\u00e3o, anorexia e bulimia.<\/p>\n<p>\u201cOs adolescentes ficaram mais restritos ao ambiente familiar, prejudicando a rela\u00e7\u00e3o com os pares. Num primeiro momento isso melhorou a escolha de alimentos, mas o excesso de est\u00edmulos tecnol\u00f3gicos favoreceu um maior envolvimento com influenciadores digitais e o mundo virtual se tornou a grande refer\u00eancia\u201d, observa a pediatra Alda Elizabeth Boehler Iglesias Azevedo, presidente do Departamento Cient\u00edfico de Adolesc\u00eancia da Sociedade Brasileira de Pediatria.<\/p>\n<p>Para os jovens suscet\u00edveis a transtornos, isso trouxe mais dificuldade em lidar com o corpo. O pr\u00f3prio isolamento afeta a constru\u00e7\u00e3o da imagem corporal, pois esse processo tamb\u00e9m depende dos est\u00edmulos externos. \u201cA distor\u00e7\u00e3o dessa percep\u00e7\u00e3o, a grande insatisfa\u00e7\u00e3o e a preocupa\u00e7\u00e3o com o corpo geram atitudes e comportamentos negativos e destrutivos\u201d, completa a pediatra.<\/p>\n<p>Os\u00a0transtornos alimentares\u00a0afetam cerca de 9% das pessoas no mundo todo. A maioria das pessoas com essa doen\u00e7a \u00e9 de mulheres com pico de in\u00edcio entre os 15 e 19 anos, segundo dados da\u00a0National Association of Anorexia Nervosa and Associated Disorders. Fatores gen\u00e9ticos, ambientais e familiares est\u00e3o entre as causas. Em 70% dos casos, h\u00e1 tamb\u00e9m outros dist\u00farbios psiqui\u00e1tricos, como bipolaridade, ansiedade e depress\u00e3o.<\/p>\n<p>Azevedo observa que, apesar de ser mais comum entre as meninas, os transtornos alimentares tamb\u00e9m afetam meninos em diferentes faixas et\u00e1rias, inclusive, naqueles que praticam esportes.\u00a0\u201cTamb\u00e9m \u00e9 preciso aumentar a conscientiza\u00e7\u00e3o sobre rela\u00e7\u00f5es problem\u00e1ticas com alimentos ou exerc\u00edcios em meninos, algo que vem sendo muito relatado em atletas dessa idade\u201d, acrescenta.<\/p>\n<p>As refei\u00e7\u00f5es em fam\u00edlia\u00a0e as conversas sobre a imagem corporal, prestando aten\u00e7\u00e3o ao que o adolescente fala sobre si mesmo, tamb\u00e9m s\u00e3o essenciais.<\/p>\n<p>O diagn\u00f3stico precoce aumenta a chance de sucesso, al\u00e9m de ajudar a evitar que a doen\u00e7a cause maiores preju\u00edzos \u00e0 sa\u00fade f\u00edsica e emocional ou se instale a longo prazo. Nos adultos, o tratamento \u00e9 mais dif\u00edcil, com altos \u00edndices de morbidade e mortalidade.<\/p>\n","protected":false},"excerpt":{"rendered":"<p>O volume de consultas em pronto-atendimento de pacientes com transtornos alimentares aumentou consideravelmente durante e ap\u00f3s a pandemia e ainda n\u00e3o voltou aos patamares anteriores, segundo um levantamento que acaba de ser finalizado nos Estados Unidos. Estudos apontam um aumento na incid\u00eancia e na gravidade desses dist\u00farbios ap\u00f3s a emerg\u00eancia sanit\u00e1ria global. Para avaliar esse impacto, pesquisadores da Universidade de Harvard examinaram os registros mensais de 38 hospitais pedi\u00e1tricos nos EUA de pacientes com idades entre 12 e 17 anos em dois momentos: antes da pandemia (entre janeiro de 2018 e mar\u00e7o de 2020) e, depois, de abril de 2020 [&hellip;]<\/p>\n","protected":false},"author":1,"featured_media":57283,"comment_status":"open","ping_status":"closed","sticky":false,"template":"","format":"standard","meta":{"_links_to":"","_links_to_target":""},"categories":[3,1,10],"tags":[],"views":920,"_links":{"self":[{"href":"https:\/\/www.brazilianpress.com\/v1\/wp-json\/wp\/v2\/posts\/57282"}],"collection":[{"href":"https:\/\/www.brazilianpress.com\/v1\/wp-json\/wp\/v2\/posts"}],"about":[{"href":"https:\/\/www.brazilianpress.com\/v1\/wp-json\/wp\/v2\/types\/post"}],"author":[{"embeddable":true,"href":"https:\/\/www.brazilianpress.com\/v1\/wp-json\/wp\/v2\/users\/1"}],"replies":[{"embeddable":true,"href":"https:\/\/www.brazilianpress.com\/v1\/wp-json\/wp\/v2\/comments?post=57282"}],"version-history":[{"count":1,"href":"https:\/\/www.brazilianpress.com\/v1\/wp-json\/wp\/v2\/posts\/57282\/revisions"}],"predecessor-version":[{"id":57284,"href":"https:\/\/www.brazilianpress.com\/v1\/wp-json\/wp\/v2\/posts\/57282\/revisions\/57284"}],"wp:featuredmedia":[{"embeddable":true,"href":"https:\/\/www.brazilianpress.com\/v1\/wp-json\/wp\/v2\/media\/57283"}],"wp:attachment":[{"href":"https:\/\/www.brazilianpress.com\/v1\/wp-json\/wp\/v2\/media?parent=57282"}],"wp:term":[{"taxonomy":"category","embeddable":true,"href":"https:\/\/www.brazilianpress.com\/v1\/wp-json\/wp\/v2\/categories?post=57282"},{"taxonomy":"post_tag","embeddable":true,"href":"https:\/\/www.brazilianpress.com\/v1\/wp-json\/wp\/v2\/tags?post=57282"}],"curies":[{"name":"wp","href":"https:\/\/api.w.org\/{rel}","templated":true}]}}