{"id":57294,"date":"2024-03-21T13:21:09","date_gmt":"2024-03-21T17:21:09","guid":{"rendered":"https:\/\/www.brazilianpress.com\/v1\/?p=57294"},"modified":"2024-03-21T13:21:09","modified_gmt":"2024-03-21T17:21:09","slug":"descanso-treino-e-logistica-cruzeiro-tera-data-fifa-como-preparacao-para-maratona-em-abril","status":"publish","type":"post","link":"https:\/\/www.brazilianpress.com\/v1\/2024\/03\/21\/descanso-treino-e-logistica-cruzeiro-tera-data-fifa-como-preparacao-para-maratona-em-abril\/","title":{"rendered":"Descanso, treino e log\u00edstica: Cruzeiro ter\u00e1 Data Fifa como prepara\u00e7\u00e3o para maratona em abril"},"content":{"rendered":"<p><strong>O\u00a0Cruzeiro\u00a0cumpriu o primeiro objetivo na temporada e est\u00e1 de volta \u00e0 final do Campeonato Mineiro. Agora, ter\u00e1 duas semanas at\u00e9 entrar em campo novamente e iniciar uma sequ\u00eancia de jogos importantes. Per\u00edodo que servir\u00e1 para descanso, prepara\u00e7\u00e3o e tamb\u00e9m de defini\u00e7\u00e3o em rela\u00e7\u00e3o \u00e0 log\u00edstica.<\/strong><\/p>\n<p>O elenco foi liberado pela comiss\u00e3o t\u00e9cnica na noite de s\u00e1bado, ap\u00f3s vencer o Tombense por 3 a 1 e selar a vaga na final do Mineiro. Os jogadores tamb\u00e9m est\u00e3o de folga nesta segunda-feira e nesta ter\u00e7a, com reapresenta\u00e7\u00e3o marcada para a manh\u00e3 de quarta, na Toca da Raposa.<\/p>\n<p>Em fun\u00e7\u00e3o do tempo sem jogos, o\u00a0Cruzeiro\u00a0ainda planejou mais um dia de descanso para o elenco at\u00e9 a ida da final do Mineiro. Os jogadores n\u00e3o t\u00eam atividade marcada para o pr\u00f3ximo domingo, dia 24. Depois, ter\u00e3o cinco dias seguidos de treinos at\u00e9 o jogo contra o Atl\u00e9tico-MG, na Arena MRV.<\/p>\n<p>O duelo de ida da final do Mineiro ser\u00e1 apenas o primeiro da sequ\u00eancia de calend\u00e1rio apertado que o\u00a0Cruzeiro\u00a0ter\u00e1 at\u00e9 o final de abril. Ser\u00e3o nove jogos em 30 dias &#8211; entre 30 de mar\u00e7o e 28 de abril, considerando as datas-bases da fase de grupos da Sul-Americana e das primeiras rodadas do Campeonato Brasileiro.<\/p>\n<p>Al\u00e9m disso, o\u00a0Cruzeiro\u00a0tamb\u00e9m definir\u00e1 detalhes importantes no que diz respeito \u00e0 log\u00edstica para jogos como visitante. Al\u00e9m de pelo menos um confronto no exterior pela Sul-Americana, o time ir\u00e1 a Fortaleza e Salvador pelo Brasileir\u00e3o.<\/p>\n<p>Neste cen\u00e1rio, o time de Nicol\u00e1s Larcam\u00f3n s\u00f3 voltar\u00e1 a ter descanso de jogos por uma semana no in\u00edcio de maio, para quando est\u00e1 previsto o duelo de ida da terceira fase da\u00a0Copa do Brasil, competi\u00e7\u00e3o em que o\u00a0Cruzeiro\u00a0foi eliminado para o Sousa, na primeira fase.<\/p>\n<p>Vale ressaltar que o Campeonato Brasileiro n\u00e3o ser\u00e1 paralisado durante a Copa Am\u00e9rica, que ocorrer\u00e1 entre 20 de junho e 15 de julho. Neste momento, o \u00fanico jogador &#8220;convoc\u00e1vel&#8221; do\u00a0Cruzeiro\u00a0\u00e9 o equatoriano Jos\u00e9 Cifuentes, que, inclusive, desfalcar\u00e1 o time nos treinos da atual Data Fifa em fun\u00e7\u00e3o de amistosos nos Estados Unidos.<\/p>\n<p>Calend\u00e1rio do\u00a0Cruzeiro\u00a0ap\u00f3s Data Fifa (apenas datas-base):<br \/>\n\u00b7\u00a0\u00a0\u00a0\u00a0\u00a0\u00a0\u00a0\u00a0 30\/3 \u2013 Ida da final do Mineiro<\/p>\n<p>\u00b7\u00a0\u00a0\u00a0\u00a0\u00a0\u00a0\u00a0\u00a0 3\/4 \u2013 1\u00aa rodada da Sul-Americana<\/p>\n<p>\u00b7\u00a0\u00a0\u00a0\u00a0\u00a0\u00a0\u00a0\u00a0 6\/4 \u2013 Volta da final do Mineiro<\/p>\n<p>\u00b7\u00a0\u00a0\u00a0\u00a0\u00a0\u00a0\u00a0\u00a0 10\/4 \u2013 2\u00aa rodada da Sul-Americana<\/p>\n<p>\u00b7\u00a0\u00a0\u00a0\u00a0\u00a0\u00a0\u00a0\u00a0 14\/4 \u2013 1\u00aa rodada do Brasileir\u00e3o, contra o Botafogo<\/p>\n<p>\u00b7\u00a0\u00a0\u00a0\u00a0\u00a0\u00a0\u00a0\u00a0 17\/4 \u2013 2\u00aa rodada do Brasileir\u00e3o, contra o Fortaleza<\/p>\n<p>\u00b7\u00a0\u00a0\u00a0\u00a0\u00a0\u00a0\u00a0\u00a0 21\/4 \u2013 3\u00aa rodada do Brasileir\u00e3o, contra o Atl\u00e9tico-MG<\/p>\n<p>\u00b7\u00a0\u00a0\u00a0\u00a0\u00a0\u00a0\u00a0\u00a0 24\/4 \u2013 3\u00aa rodada da Sul-Americana<\/p>\n<p>\u00b7\u00a0\u00a0\u00a0\u00a0\u00a0\u00a0\u00a0\u00a0 28\/4 \u2013 4\u00aa rodada do Brasileir\u00e3o, contra o Vit\u00f3ria<\/p>\n","protected":false},"excerpt":{"rendered":"<p>O\u00a0Cruzeiro\u00a0cumpriu o primeiro objetivo na temporada e est\u00e1 de volta \u00e0 final do Campeonato Mineiro. Agora, ter\u00e1 duas semanas at\u00e9 entrar em campo novamente e iniciar uma sequ\u00eancia de jogos importantes. Per\u00edodo que servir\u00e1 para descanso, prepara\u00e7\u00e3o e tamb\u00e9m de defini\u00e7\u00e3o em rela\u00e7\u00e3o \u00e0 log\u00edstica. O elenco foi liberado pela comiss\u00e3o t\u00e9cnica na noite de s\u00e1bado, ap\u00f3s vencer o Tombense por 3 a 1 e selar a vaga na final do Mineiro. Os jogadores tamb\u00e9m est\u00e3o de folga nesta segunda-feira e nesta ter\u00e7a, com reapresenta\u00e7\u00e3o marcada para a manh\u00e3 de quarta, na Toca da Raposa. Em fun\u00e7\u00e3o do tempo sem [&hellip;]<\/p>\n","protected":false},"author":1,"featured_media":57295,"comment_status":"open","ping_status":"closed","sticky":false,"template":"","format":"standard","meta":{"_links_to":"","_links_to_target":""},"categories":[9,1],"tags":[],"views":626,"_links":{"self":[{"href":"https:\/\/www.brazilianpress.com\/v1\/wp-json\/wp\/v2\/posts\/57294"}],"collection":[{"href":"https:\/\/www.brazilianpress.com\/v1\/wp-json\/wp\/v2\/posts"}],"about":[{"href":"https:\/\/www.brazilianpress.com\/v1\/wp-json\/wp\/v2\/types\/post"}],"author":[{"embeddable":true,"href":"https:\/\/www.brazilianpress.com\/v1\/wp-json\/wp\/v2\/users\/1"}],"replies":[{"embeddable":true,"href":"https:\/\/www.brazilianpress.com\/v1\/wp-json\/wp\/v2\/comments?post=57294"}],"version-history":[{"count":1,"href":"https:\/\/www.brazilianpress.com\/v1\/wp-json\/wp\/v2\/posts\/57294\/revisions"}],"predecessor-version":[{"id":57296,"href":"https:\/\/www.brazilianpress.com\/v1\/wp-json\/wp\/v2\/posts\/57294\/revisions\/57296"}],"wp:featuredmedia":[{"embeddable":true,"href":"https:\/\/www.brazilianpress.com\/v1\/wp-json\/wp\/v2\/media\/57295"}],"wp:attachment":[{"href":"https:\/\/www.brazilianpress.com\/v1\/wp-json\/wp\/v2\/media?parent=57294"}],"wp:term":[{"taxonomy":"category","embeddable":true,"href":"https:\/\/www.brazilianpress.com\/v1\/wp-json\/wp\/v2\/categories?post=57294"},{"taxonomy":"post_tag","embeddable":true,"href":"https:\/\/www.brazilianpress.com\/v1\/wp-json\/wp\/v2\/tags?post=57294"}],"curies":[{"name":"wp","href":"https:\/\/api.w.org\/{rel}","templated":true}]}}