{"id":57297,"date":"2024-03-21T13:22:33","date_gmt":"2024-03-21T17:22:33","guid":{"rendered":"https:\/\/www.brazilianpress.com\/v1\/?p=57297"},"modified":"2024-03-21T13:22:33","modified_gmt":"2024-03-21T17:22:33","slug":"apos-classificacao-do-atletico-mg-no-mineiro-hulk-critica-arbitro-gritando-e-ameacando-jogadores","status":"publish","type":"post","link":"https:\/\/www.brazilianpress.com\/v1\/2024\/03\/21\/apos-classificacao-do-atletico-mg-no-mineiro-hulk-critica-arbitro-gritando-e-ameacando-jogadores\/","title":{"rendered":"Ap\u00f3s classifica\u00e7\u00e3o do Atl\u00e9tico-MG no Mineiro, Hulk critica \u00e1rbitro: &#8220;Gritando e amea\u00e7ando jogadores&#8221;"},"content":{"rendered":"<p><strong>Ap\u00f3s a derrota para o Am\u00e9rica-MG, por 2 a 1, e a classifica\u00e7\u00e3o para a final do Campeonato Mineiro, Hulk desabafou sobre a arbitragem da partida, citando desrespeito e amea\u00e7a por parte do \u00e1rbitro Andr\u00e9 Luiz Policarpo Bento. Ap\u00f3s o jogo, houve confus\u00e3o envolvendo jogadores do Am\u00e9rica e a equipe de arbitragem.<\/strong><\/p>\n<p>&#8220;\u00c9 triste quando o capit\u00e3o chega para falar com respeito&#8230; eu o Juninho, com respeito, e o \u00e1rbitro chega para gente gritando, amea\u00e7ando jogadores. Todos falando a mesma coisa, tem que mudar isso a\u00ed, tem que existir muito respeito da nossa parte com o \u00e1rbitro, mas o \u00e1rbitro tem que se dar respeito.&#8221;<\/p>\n<p>Para sustentar o argumento, Hulk cita o fato de que houve reclama\u00e7\u00e3o dos dois times com a equipe de arbitragem.<\/p>\n<p>&#8211; Era um grande jogo, contra uma grande equipe que \u00e9 o Am\u00e9rica, vou torcer demais para que eles subam, porque \u00e9 uma grande equipe e merece. \u00c9 triste acabar o jogo e todo mundo reclamando de uma pessoa s\u00f3.<\/p>\n<p>&#8220;Ainda bem que n\u00e3o \u00e9 s\u00f3 o Hulk, sen\u00e3o o Hulk reclama de tudo. Acertar e errar faz parte, agora o tal da arrog\u00e2ncia, a falta de humildade n\u00e3o pode existir, ningu\u00e9m \u00e9 melhor que ningu\u00e9m, ele tem que respeitar os jogadores, os jogadores t\u00eam que respeitar o \u00e1rbitro&#8221;<\/p>\n<p>Ao fim da partida, jogadores do Am\u00e9rica foram para cima de Andr\u00e9 Luiz Policarpo Bento, iniciando uma confus\u00e3o generalizada.\u00a0Na s\u00famula, o \u00e1rbitro relatou as expuls\u00f5es de Ben\u00edtez, Mois\u00e9s e Renato Marques, jogadores do Am\u00e9rica, e tamb\u00e9m ofensas por parte de Marcus Salum, presidente da SAF do clube.<\/p>\n","protected":false},"excerpt":{"rendered":"<p>Ap\u00f3s a derrota para o Am\u00e9rica-MG, por 2 a 1, e a classifica\u00e7\u00e3o para a final do Campeonato Mineiro, Hulk desabafou sobre a arbitragem da partida, citando desrespeito e amea\u00e7a por parte do \u00e1rbitro Andr\u00e9 Luiz Policarpo Bento. Ap\u00f3s o jogo, houve confus\u00e3o envolvendo jogadores do Am\u00e9rica e a equipe de arbitragem. &#8220;\u00c9 triste quando o capit\u00e3o chega para falar com respeito&#8230; eu o Juninho, com respeito, e o \u00e1rbitro chega para gente gritando, amea\u00e7ando jogadores. Todos falando a mesma coisa, tem que mudar isso a\u00ed, tem que existir muito respeito da nossa parte com o \u00e1rbitro, mas o \u00e1rbitro [&hellip;]<\/p>\n","protected":false},"author":1,"featured_media":57298,"comment_status":"open","ping_status":"closed","sticky":false,"template":"","format":"standard","meta":{"_links_to":"","_links_to_target":""},"categories":[9,1],"tags":[],"views":742,"_links":{"self":[{"href":"https:\/\/www.brazilianpress.com\/v1\/wp-json\/wp\/v2\/posts\/57297"}],"collection":[{"href":"https:\/\/www.brazilianpress.com\/v1\/wp-json\/wp\/v2\/posts"}],"about":[{"href":"https:\/\/www.brazilianpress.com\/v1\/wp-json\/wp\/v2\/types\/post"}],"author":[{"embeddable":true,"href":"https:\/\/www.brazilianpress.com\/v1\/wp-json\/wp\/v2\/users\/1"}],"replies":[{"embeddable":true,"href":"https:\/\/www.brazilianpress.com\/v1\/wp-json\/wp\/v2\/comments?post=57297"}],"version-history":[{"count":1,"href":"https:\/\/www.brazilianpress.com\/v1\/wp-json\/wp\/v2\/posts\/57297\/revisions"}],"predecessor-version":[{"id":57299,"href":"https:\/\/www.brazilianpress.com\/v1\/wp-json\/wp\/v2\/posts\/57297\/revisions\/57299"}],"wp:featuredmedia":[{"embeddable":true,"href":"https:\/\/www.brazilianpress.com\/v1\/wp-json\/wp\/v2\/media\/57298"}],"wp:attachment":[{"href":"https:\/\/www.brazilianpress.com\/v1\/wp-json\/wp\/v2\/media?parent=57297"}],"wp:term":[{"taxonomy":"category","embeddable":true,"href":"https:\/\/www.brazilianpress.com\/v1\/wp-json\/wp\/v2\/categories?post=57297"},{"taxonomy":"post_tag","embeddable":true,"href":"https:\/\/www.brazilianpress.com\/v1\/wp-json\/wp\/v2\/tags?post=57297"}],"curies":[{"name":"wp","href":"https:\/\/api.w.org\/{rel}","templated":true}]}}