{"id":57303,"date":"2024-03-21T13:28:48","date_gmt":"2024-03-21T17:28:48","guid":{"rendered":"https:\/\/www.brazilianpress.com\/v1\/?p=57303"},"modified":"2024-03-21T13:29:50","modified_gmt":"2024-03-21T17:29:50","slug":"brasil-com-o-aumento-de-celulas-nazistas-em-santa-catarina-conselho-nacional-dos-direitos-humanos-visitara-o-estado","status":"publish","type":"post","link":"https:\/\/www.brazilianpress.com\/v1\/2024\/03\/21\/brasil-com-o-aumento-de-celulas-nazistas-em-santa-catarina-conselho-nacional-dos-direitos-humanos-visitara-o-estado\/","title":{"rendered":"Brasil: Com o aumento de c\u00e9lulas nazistas em Santa Catarina, Conselho Nacional dos Direitos Humanos visitar\u00e1 o estado"},"content":{"rendered":"<p><strong>O Conselho Nacional dos Direitos Humanos (CNDH) realizar\u00e1 uma miss\u00e3o em Santa Catarina no pr\u00f3ximo m\u00eas de abril com o objetivo de investigar o aumento de grupos neonazistas. O itiner\u00e1rio ainda est\u00e1 em formula\u00e7\u00e3o, mas inclui visitas confirmadas \u00e0 capital Florian\u00f3polis e a Blumenau, no Vale do Itaja\u00ed.<\/strong><\/p>\n<p>A ida do \u00f3rg\u00e3o ocorre ap\u00f3s o estado registrar casos e investiga\u00e7\u00f5es envolvendo neonazistas nos \u00faltimos anos. A Pol\u00edcia Civil do estado tem, desde 2021, uma delegacia especializada em apurar os grupos extremistas e j\u00e1 liderou opera\u00e7\u00f5es contra o crime pelo pa\u00eds.<\/p>\n<p>Em 2023, com a repercuss\u00e3o dos casos, o Minist\u00e9rio P\u00fablico catarinense\u00a0criou uma promotoria que atende apenas os crimes de intoler\u00e2ncia.<\/p>\n<p><img src=\"https:\/\/jornalrazao.com\/storage\/images\/posts\/5e5bf754aa20fdd8e7efee307fa435db.jpg\" alt=\"Reportagem diz que popula\u00e7\u00e3o catarinense \u00e9 \u201c69% fascista\u201d e cidade de SC \u00e9  nazista | Jornal Raz\u00e3o\" \/><\/p>\n<p>No Brasil, a Lei n\u00ba 7.716, de 1989 prev\u00ea como crime &#8220;praticar, induzir ou incitar a discrimina\u00e7\u00e3o ou preconceito de ra\u00e7a, cor, etnia, religi\u00e3o ou proced\u00eancia nacional&#8221;, tal como outras formas de divulga\u00e7\u00e3o do nazismo.<\/p>\n<p>Entre os casos de maior repercuss\u00e3o nos \u00faltimos tr\u00eas anos est\u00e1 a pris\u00e3o de homens flagrados em um\u00a0encontro anual de itegrantes de uma c\u00e9lula neonazista\u00a0no estado em novembro de 2022. No local, a Delegacia de Repress\u00e3o ao Racismo e Delitos de Intoler\u00e2ncia encontrou revistas, panfletos e outros objetos com s\u00edmbolos de grupos supremacistas.<\/p>\n<p>O grupo estava em\u00a0S\u00e3o Pedro de Alc\u00e2ntara, na Grande Florian\u00f3polis, e teria escolhido cidade por ela ter sido a primeira col\u00f4nia alem\u00e3 no estado, instalada em 1829. Os homens,\u00a0alguns com condena\u00e7\u00f5es por crimes passados, tamb\u00e9m s\u00e3o suspeitos de\u00a0recrutar jovens j\u00e1 radicalizados pela internet<\/p>\n<p>Em outubro, a delegacia tamb\u00e9m prendeu ao menos quatro suspeitos de pertencerem a outra c\u00e9lula nazista no estado. Os jovens eram estudantes ou tiveram v\u00ednculo com a Universidade Federal de Santa Catarina (UFSC). \u00c0 \u00e9poca, a\u00a0institui\u00e7\u00e3o afirmou que pediria informa\u00e7\u00f5es \u00e0s autoridades para adotar medidas.<\/p>\n<p>Em mar\u00e7o de 2023, um professor de uma escola da rede estadual de Santa Catarina que elogiou Adolf Hitler em sala de aula foi indiciado pela Pol\u00edcia Civil.\u00a0Ele foi investigado por discrimina\u00e7\u00e3o de ra\u00e7a e apologia ao crime.<\/p>\n<p>Entre a deflagra\u00e7\u00e3o da opera\u00e7\u00e3o em S\u00e3o Pedro de Alc\u00e2ntara at\u00e9 junho de 2023,\u00a0Pol\u00edcia Civil catarinense prendeu ao menos 17 pessoas ligadas a movimentos neonazistas. As deten\u00e7\u00f5es aconteceram no estado e em outros locais do pa\u00eds.<\/p>\n","protected":false},"excerpt":{"rendered":"<p>O Conselho Nacional dos Direitos Humanos (CNDH) realizar\u00e1 uma miss\u00e3o em Santa Catarina no pr\u00f3ximo m\u00eas de abril com o objetivo de investigar o aumento de grupos neonazistas. O itiner\u00e1rio ainda est\u00e1 em formula\u00e7\u00e3o, mas inclui visitas confirmadas \u00e0 capital Florian\u00f3polis e a Blumenau, no Vale do Itaja\u00ed. A ida do \u00f3rg\u00e3o ocorre ap\u00f3s o estado registrar casos e investiga\u00e7\u00f5es envolvendo neonazistas nos \u00faltimos anos. A Pol\u00edcia Civil do estado tem, desde 2021, uma delegacia especializada em apurar os grupos extremistas e j\u00e1 liderou opera\u00e7\u00f5es contra o crime pelo pa\u00eds. Em 2023, com a repercuss\u00e3o dos casos, o Minist\u00e9rio P\u00fablico [&hellip;]<\/p>\n","protected":false},"author":1,"featured_media":57304,"comment_status":"open","ping_status":"closed","sticky":false,"template":"","format":"standard","meta":{"_links_to":"","_links_to_target":""},"categories":[7,1],"tags":[],"views":703,"_links":{"self":[{"href":"https:\/\/www.brazilianpress.com\/v1\/wp-json\/wp\/v2\/posts\/57303"}],"collection":[{"href":"https:\/\/www.brazilianpress.com\/v1\/wp-json\/wp\/v2\/posts"}],"about":[{"href":"https:\/\/www.brazilianpress.com\/v1\/wp-json\/wp\/v2\/types\/post"}],"author":[{"embeddable":true,"href":"https:\/\/www.brazilianpress.com\/v1\/wp-json\/wp\/v2\/users\/1"}],"replies":[{"embeddable":true,"href":"https:\/\/www.brazilianpress.com\/v1\/wp-json\/wp\/v2\/comments?post=57303"}],"version-history":[{"count":2,"href":"https:\/\/www.brazilianpress.com\/v1\/wp-json\/wp\/v2\/posts\/57303\/revisions"}],"predecessor-version":[{"id":57306,"href":"https:\/\/www.brazilianpress.com\/v1\/wp-json\/wp\/v2\/posts\/57303\/revisions\/57306"}],"wp:featuredmedia":[{"embeddable":true,"href":"https:\/\/www.brazilianpress.com\/v1\/wp-json\/wp\/v2\/media\/57304"}],"wp:attachment":[{"href":"https:\/\/www.brazilianpress.com\/v1\/wp-json\/wp\/v2\/media?parent=57303"}],"wp:term":[{"taxonomy":"category","embeddable":true,"href":"https:\/\/www.brazilianpress.com\/v1\/wp-json\/wp\/v2\/categories?post=57303"},{"taxonomy":"post_tag","embeddable":true,"href":"https:\/\/www.brazilianpress.com\/v1\/wp-json\/wp\/v2\/tags?post=57303"}],"curies":[{"name":"wp","href":"https:\/\/api.w.org\/{rel}","templated":true}]}}