{"id":57307,"date":"2024-03-21T13:37:44","date_gmt":"2024-03-21T17:37:44","guid":{"rendered":"https:\/\/www.brazilianpress.com\/v1\/?p=57307"},"modified":"2024-03-21T13:37:44","modified_gmt":"2024-03-21T17:37:44","slug":"comunidade-cantata-de-pascoa-acontece-em-newark-neste-domingo","status":"publish","type":"post","link":"https:\/\/www.brazilianpress.com\/v1\/2024\/03\/21\/comunidade-cantata-de-pascoa-acontece-em-newark-neste-domingo\/","title":{"rendered":"Comunidade: Cantata de P\u00e1scoa acontece em Newark neste domingo"},"content":{"rendered":"<p><strong>Newark &#8211; A P\u00e1scoa \u00e9 um per\u00edodo de celebra\u00e7\u00e3o que relembra a vida, morte e ressurrei\u00e7\u00e3o de Jesus, marcando um momento de reflex\u00e3o e renova\u00e7\u00e3o espiritual.<\/strong><\/p>\n<p>Neste esp\u00edrito de f\u00e9 e esperan\u00e7a, a Igreja Adventista do S\u00e9timo Dia Luso-Brasileira de Newark tem o prazer de convidar voc\u00ea e sua fam\u00edlia para o musical &#8220;Perdoado pelo Amor&#8221;, apresentado pelo coral Fire Ministry. Domingo 24 de mar\u00e7o \u00e0s 6PM.<\/p>\n<p>Ser\u00e1 uma profunda experi\u00eancia de comunh\u00e3o e celebra\u00e7\u00e3o. Os temas do amor divino e do perd\u00e3o ser\u00e3o explorados por meio de louvores, oferecendo uma noite de inspira\u00e7\u00e3o e reflex\u00e3o para todos os participantes. O coral Fire Ministry apresentar\u00e1 o musical de p\u00e1scoa 2024.<\/p>\n<p>Estacionamento gr\u00e1tis na escola Ann Street, ao lado da igreja.<\/p>\n<p>Pr. Nilton de Souza Lima<\/p>\n<p><img loading=\"lazy\" class=\"alignnone size-full\" src=\"https:\/\/i.imgur.com\/lQYQMdt.jpeg\" width=\"613\" height=\"867\" \/><\/p>\n","protected":false},"excerpt":{"rendered":"<p>Newark &#8211; A P\u00e1scoa \u00e9 um per\u00edodo de celebra\u00e7\u00e3o que relembra a vida, morte e ressurrei\u00e7\u00e3o de Jesus, marcando um momento de reflex\u00e3o e renova\u00e7\u00e3o espiritual. Neste esp\u00edrito de f\u00e9 e esperan\u00e7a, a Igreja Adventista do S\u00e9timo Dia Luso-Brasileira de Newark tem o prazer de convidar voc\u00ea e sua fam\u00edlia para o musical &#8220;Perdoado pelo Amor&#8221;, apresentado pelo coral Fire Ministry. Domingo 24 de mar\u00e7o \u00e0s 6PM. Ser\u00e1 uma profunda experi\u00eancia de comunh\u00e3o e celebra\u00e7\u00e3o. Os temas do amor divino e do perd\u00e3o ser\u00e3o explorados por meio de louvores, oferecendo uma noite de inspira\u00e7\u00e3o e reflex\u00e3o para todos os participantes. [&hellip;]<\/p>\n","protected":false},"author":1,"featured_media":57308,"comment_status":"open","ping_status":"closed","sticky":false,"template":"","format":"standard","meta":{"_links_to":"","_links_to_target":""},"categories":[4,3,1],"tags":[],"views":1276,"_links":{"self":[{"href":"https:\/\/www.brazilianpress.com\/v1\/wp-json\/wp\/v2\/posts\/57307"}],"collection":[{"href":"https:\/\/www.brazilianpress.com\/v1\/wp-json\/wp\/v2\/posts"}],"about":[{"href":"https:\/\/www.brazilianpress.com\/v1\/wp-json\/wp\/v2\/types\/post"}],"author":[{"embeddable":true,"href":"https:\/\/www.brazilianpress.com\/v1\/wp-json\/wp\/v2\/users\/1"}],"replies":[{"embeddable":true,"href":"https:\/\/www.brazilianpress.com\/v1\/wp-json\/wp\/v2\/comments?post=57307"}],"version-history":[{"count":1,"href":"https:\/\/www.brazilianpress.com\/v1\/wp-json\/wp\/v2\/posts\/57307\/revisions"}],"predecessor-version":[{"id":57309,"href":"https:\/\/www.brazilianpress.com\/v1\/wp-json\/wp\/v2\/posts\/57307\/revisions\/57309"}],"wp:featuredmedia":[{"embeddable":true,"href":"https:\/\/www.brazilianpress.com\/v1\/wp-json\/wp\/v2\/media\/57308"}],"wp:attachment":[{"href":"https:\/\/www.brazilianpress.com\/v1\/wp-json\/wp\/v2\/media?parent=57307"}],"wp:term":[{"taxonomy":"category","embeddable":true,"href":"https:\/\/www.brazilianpress.com\/v1\/wp-json\/wp\/v2\/categories?post=57307"},{"taxonomy":"post_tag","embeddable":true,"href":"https:\/\/www.brazilianpress.com\/v1\/wp-json\/wp\/v2\/tags?post=57307"}],"curies":[{"name":"wp","href":"https:\/\/api.w.org\/{rel}","templated":true}]}}