{"id":57310,"date":"2024-03-21T13:41:05","date_gmt":"2024-03-21T17:41:05","guid":{"rendered":"https:\/\/www.brazilianpress.com\/v1\/?p=57310"},"modified":"2024-03-21T13:41:05","modified_gmt":"2024-03-21T17:41:05","slug":"em-cinco-cidades-dos-eua-agentes-do-ice-comecarao-a-usar-cameras-corporais","status":"publish","type":"post","link":"https:\/\/www.brazilianpress.com\/v1\/2024\/03\/21\/em-cinco-cidades-dos-eua-agentes-do-ice-comecarao-a-usar-cameras-corporais\/","title":{"rendered":"Em cinco cidades dos EUA, agentes do ICE come\u00e7ar\u00e3o a usar c\u00e2meras corporais"},"content":{"rendered":"<p><strong>Os agentes de imigra\u00e7\u00e3o e fiscaliza\u00e7\u00e3o alfandeg\u00e1ria come\u00e7ar\u00e3o a usar c\u00e2meras corporais para registrar suas intera\u00e7\u00f5es com imigrantes e o p\u00fablico em cinco cidades dos EUA, anunciou na quarta-feira o diretor interino do ICE, PJ Lechleitner.<\/strong><\/p>\n<p>Depois que um programa piloto de seis meses foi considerado bem-sucedido, o ICE come\u00e7ar\u00e1 a exigir que os agentes que trabalham com Investiga\u00e7\u00f5es de Seguran\u00e7a Interna, bem como os respons\u00e1veis \u200b\u200bpela pris\u00e3o e deporta\u00e7\u00e3o de migrantes, usem c\u00e2meras em seus uniformes em Baltimore, Filad\u00e9lfia, Washington, D.C., Buffalo e Detroit.<\/p>\n<p>\u201cIsso promove a transpar\u00eancia e mant\u00e9m a confian\u00e7a do p\u00fablico\u201d, disse Lechleitner. O programa est\u00e1 em conformidade com uma ordem executiva de 2022 assinada pelo presidente Joe Biden para exigir a ado\u00e7\u00e3o de pol\u00edticas de c\u00e2meras corporais para todas as ag\u00eancias federais de aplica\u00e7\u00e3o da lei. Mas sem mais dinheiro do Congresso, disse Lechleitner, o ICE n\u00e3o conseguir\u00e1 expandir o uso de c\u00e2meras corporais para outras cidades, al\u00e9m dessas cinco.<\/p>\n<p>Lechleitner disse que o ICE enfrenta um d\u00e9ficit or\u00e7ament\u00e1rio a menos que o Congresso aproprie mais dinheiro. A lei de dota\u00e7\u00f5es atrav\u00e9s da qual a ag\u00eancia \u00e9 atualmente financiada expirar\u00e1 em 22 de mar\u00e7o. Sem mais financiamento, o ICE enfrenta um d\u00e9ficet or\u00e7amental de 500 milh\u00f5es de d\u00f3lares e ter\u00e1 de come\u00e7ar a cortar \u201copera\u00e7\u00f5es-chave\u201d, incluindo a deten\u00e7\u00e3o e deporta\u00e7\u00e3o de imigrantes, at\u00e9 maio, disseram fontes. O ICE \u00e9 supervisionado pelo Departamento de Seguran\u00e7a Interna.<\/p>\n<p>Quatro ag\u00eancias de aplica\u00e7\u00e3o da lei supervisionadas pelo Departamento de Justi\u00e7a \u2013 o FBI, o Bureau de \u00c1lcool, Tabaco, Armas de Fogo e Explosivos, a DEA e os US Marshals \u2013 disseram que est\u00e3o implementando o uso de c\u00e2meras corporais pelas autoridades em cidades espec\u00edficas, como a NBC News relatou anteriormente. O Departamento de Justi\u00e7a disse estar \u201ccomprometido com a implementa\u00e7\u00e3o total\u201d, mas as ag\u00eancias ainda n\u00e3o adotaram amplamente o uso de c\u00e2meras corporais.<\/p>\n","protected":false},"excerpt":{"rendered":"<p>Os agentes de imigra\u00e7\u00e3o e fiscaliza\u00e7\u00e3o alfandeg\u00e1ria come\u00e7ar\u00e3o a usar c\u00e2meras corporais para registrar suas intera\u00e7\u00f5es com imigrantes e o p\u00fablico em cinco cidades dos EUA, anunciou na quarta-feira o diretor interino do ICE, PJ Lechleitner. Depois que um programa piloto de seis meses foi considerado bem-sucedido, o ICE come\u00e7ar\u00e1 a exigir que os agentes que trabalham com Investiga\u00e7\u00f5es de Seguran\u00e7a Interna, bem como os respons\u00e1veis \u200b\u200bpela pris\u00e3o e deporta\u00e7\u00e3o de migrantes, usem c\u00e2meras em seus uniformes em Baltimore, Filad\u00e9lfia, Washington, D.C., Buffalo e Detroit. \u201cIsso promove a transpar\u00eancia e mant\u00e9m a confian\u00e7a do p\u00fablico\u201d, disse Lechleitner. O programa est\u00e1 [&hellip;]<\/p>\n","protected":false},"author":1,"featured_media":57311,"comment_status":"open","ping_status":"closed","sticky":false,"template":"","format":"standard","meta":{"_links_to":"","_links_to_target":""},"categories":[4,3,1],"tags":[],"views":1170,"_links":{"self":[{"href":"https:\/\/www.brazilianpress.com\/v1\/wp-json\/wp\/v2\/posts\/57310"}],"collection":[{"href":"https:\/\/www.brazilianpress.com\/v1\/wp-json\/wp\/v2\/posts"}],"about":[{"href":"https:\/\/www.brazilianpress.com\/v1\/wp-json\/wp\/v2\/types\/post"}],"author":[{"embeddable":true,"href":"https:\/\/www.brazilianpress.com\/v1\/wp-json\/wp\/v2\/users\/1"}],"replies":[{"embeddable":true,"href":"https:\/\/www.brazilianpress.com\/v1\/wp-json\/wp\/v2\/comments?post=57310"}],"version-history":[{"count":1,"href":"https:\/\/www.brazilianpress.com\/v1\/wp-json\/wp\/v2\/posts\/57310\/revisions"}],"predecessor-version":[{"id":57312,"href":"https:\/\/www.brazilianpress.com\/v1\/wp-json\/wp\/v2\/posts\/57310\/revisions\/57312"}],"wp:featuredmedia":[{"embeddable":true,"href":"https:\/\/www.brazilianpress.com\/v1\/wp-json\/wp\/v2\/media\/57311"}],"wp:attachment":[{"href":"https:\/\/www.brazilianpress.com\/v1\/wp-json\/wp\/v2\/media?parent=57310"}],"wp:term":[{"taxonomy":"category","embeddable":true,"href":"https:\/\/www.brazilianpress.com\/v1\/wp-json\/wp\/v2\/categories?post=57310"},{"taxonomy":"post_tag","embeddable":true,"href":"https:\/\/www.brazilianpress.com\/v1\/wp-json\/wp\/v2\/tags?post=57310"}],"curies":[{"name":"wp","href":"https:\/\/api.w.org\/{rel}","templated":true}]}}