{"id":57316,"date":"2024-03-22T17:48:36","date_gmt":"2024-03-22T21:48:36","guid":{"rendered":"https:\/\/www.brazilianpress.com\/v1\/?p=57316"},"modified":"2024-03-22T17:49:04","modified_gmt":"2024-03-22T21:49:04","slug":"video-imigrantes-derrubam-barreira-na-fronteira-entre-eua-e-mexico","status":"publish","type":"post","link":"https:\/\/www.brazilianpress.com\/v1\/2024\/03\/22\/video-imigrantes-derrubam-barreira-na-fronteira-entre-eua-e-mexico\/","title":{"rendered":"V\u00cdDEO: Imigrantes derrubam barreira na fronteira entre EUA e M\u00e9xico"},"content":{"rendered":"<p><strong>Um grupo de migrantes derrubou na 5\u00aa feira (21.mar.2024) uma barreira de metal na fronteira entre os EUA e o M\u00e9xico, em El Paso. As mais de 100 pessoas romperam bloqueio de arame farpado, entraram em confronto com guardas norte-americanos e tentaram entrar ilegalmente no pa\u00eds.<\/strong><\/p>\n<p>De acordo com o New York Post, o conflito se deu depois de militares da Guarda Nacional do Texas, for\u00e7a controlada pelo governo federal, organizarem homens, mulheres e crian\u00e7as em grupos diferentes.\u201cTemos mulheres e crian\u00e7as, estamos com fome\u201d, gritou um migrante para um guarda, segundo o jornal norte-americano. \u201cSocorro, socorro, socorro, eles [se referindo as crian\u00e7as separadas de suas fam\u00edlias] s\u00e3o crian\u00e7as\u201d, afirmou outro homem.<\/p>\n<p><span style=\"color: #993300;\"><strong>Assista:<\/strong><\/span><\/p>\n<div class=\"mnmd-responsive-video\"><iframe loading=\"lazy\" title=\"Migrantes derrubam barreira e tentam entrar ilegalmente nos EUA\" width=\"1200\" height=\"675\" src=\"https:\/\/www.youtube.com\/embed\/DJ1qTjmL3c4?feature=oembed\" frameborder=\"0\" allow=\"accelerometer; autoplay; clipboard-write; encrypted-media; gyroscope; picture-in-picture; web-share\" allowfullscreen><\/iframe><\/div>\n<p>O confronto entre militares norte-americanos e migrantes na fronteira se d\u00e1 em um momento de impasse entre o governo Joe Biden e o governo do Texas. Na 4\u00aa feira (20.mar), ju\u00edzes do Tribunal de Apela\u00e7\u00f5es do 5\u00ba Circuito dos EUA decidiram suspender temporariamente a lei anti-imigra\u00e7\u00e3o texana. A administra\u00e7\u00e3o Joe Biden afirma que a lei viola a Constitui\u00e7\u00e3o ao interferir no poder do governo de regular a imigra\u00e7\u00e3o. O governador do Texas, Greg Abbott, por outro lado, justifica a medida pela falta de aplica\u00e7\u00e3o das leis federais por parte do presidente dos EUA.<\/p>\n<p>\/\/ Fonte: Poder360.<\/p>\n","protected":false},"excerpt":{"rendered":"<p>Um grupo de migrantes derrubou na 5\u00aa feira (21.mar.2024) uma barreira de metal na fronteira entre os EUA e o M\u00e9xico, em El Paso. As mais de 100 pessoas romperam bloqueio de arame farpado, entraram em confronto com guardas norte-americanos e tentaram entrar ilegalmente no pa\u00eds. De acordo com o New York Post, o conflito se deu depois de militares da Guarda Nacional do Texas, for\u00e7a controlada pelo governo federal, organizarem homens, mulheres e crian\u00e7as em grupos diferentes.\u201cTemos mulheres e crian\u00e7as, estamos com fome\u201d, gritou um migrante para um guarda, segundo o jornal norte-americano. \u201cSocorro, socorro, socorro, eles [se referindo [&hellip;]<\/p>\n","protected":false},"author":1,"featured_media":57317,"comment_status":"open","ping_status":"closed","sticky":false,"template":"","format":"standard","meta":{"_links_to":"","_links_to_target":""},"categories":[3,1,10],"tags":[],"views":1331,"_links":{"self":[{"href":"https:\/\/www.brazilianpress.com\/v1\/wp-json\/wp\/v2\/posts\/57316"}],"collection":[{"href":"https:\/\/www.brazilianpress.com\/v1\/wp-json\/wp\/v2\/posts"}],"about":[{"href":"https:\/\/www.brazilianpress.com\/v1\/wp-json\/wp\/v2\/types\/post"}],"author":[{"embeddable":true,"href":"https:\/\/www.brazilianpress.com\/v1\/wp-json\/wp\/v2\/users\/1"}],"replies":[{"embeddable":true,"href":"https:\/\/www.brazilianpress.com\/v1\/wp-json\/wp\/v2\/comments?post=57316"}],"version-history":[{"count":2,"href":"https:\/\/www.brazilianpress.com\/v1\/wp-json\/wp\/v2\/posts\/57316\/revisions"}],"predecessor-version":[{"id":57319,"href":"https:\/\/www.brazilianpress.com\/v1\/wp-json\/wp\/v2\/posts\/57316\/revisions\/57319"}],"wp:featuredmedia":[{"embeddable":true,"href":"https:\/\/www.brazilianpress.com\/v1\/wp-json\/wp\/v2\/media\/57317"}],"wp:attachment":[{"href":"https:\/\/www.brazilianpress.com\/v1\/wp-json\/wp\/v2\/media?parent=57316"}],"wp:term":[{"taxonomy":"category","embeddable":true,"href":"https:\/\/www.brazilianpress.com\/v1\/wp-json\/wp\/v2\/categories?post=57316"},{"taxonomy":"post_tag","embeddable":true,"href":"https:\/\/www.brazilianpress.com\/v1\/wp-json\/wp\/v2\/tags?post=57316"}],"curies":[{"name":"wp","href":"https:\/\/api.w.org\/{rel}","templated":true}]}}