{"id":57320,"date":"2024-03-23T13:02:26","date_gmt":"2024-03-23T17:02:26","guid":{"rendered":"https:\/\/www.brazilianpress.com\/v1\/?p=57320"},"modified":"2024-03-23T13:04:52","modified_gmt":"2024-03-23T17:04:52","slug":"video-brasileiros-denunciam-maus-tratos-por-parte-da-imigracao-de-portugal-ao-desembarcarem-em-lisboa","status":"publish","type":"post","link":"https:\/\/www.brazilianpress.com\/v1\/2024\/03\/23\/video-brasileiros-denunciam-maus-tratos-por-parte-da-imigracao-de-portugal-ao-desembarcarem-em-lisboa\/","title":{"rendered":"V\u00cdDEO: Brasileiros denunciam maus tratos por parte da imigra\u00e7\u00e3o de Portugal, ao desembarcarem em Lisboa"},"content":{"rendered":"<p><strong>imigrantes ficaram retidos no aeroporto de Lisboa durante 48 horas, 13 das quais sem \u00e1gua e sem comida. Acusam as autoridades de discrimina\u00e7\u00e3o e de maus tratos. A Prova dos Factos teve acesso a imagens e v\u00eddeos que revelam as condi\u00e7\u00f5es do espa\u00e7o onde pernoitaram e conversas com os agentes da PSP.<\/strong><\/p>\n<p>Nestes di\u00e1logos \u00e9 vis\u00edvel as dificuldades criadas para que os jovens contactassem um advogado. A defesa do casal j\u00e1 apresentou uma queixa crime. A PSP recusa as acusa\u00e7\u00f5es e diz que tudo aconteceu tudo dentro da normalidade. <span style=\"color: #ff0000;\"><strong>Assista a reportagem:<\/strong><\/span><\/p>\n<div style=\"width: 640px;\" class=\"wp-video\"><!--[if lt IE 9]><script>document.createElement('video');<\/script><![endif]-->\n<video class=\"wp-video-shortcode\" id=\"video-57320-1\" width=\"640\" height=\"360\" preload=\"metadata\" controls=\"controls\"><source type=\"video\/mp4\" src=\"https:\/\/cdn-ondemand.rtp.pt\/nas2.share\/informacao\/2024\/wMigrantesPDF_2203ww_402313.mp4?_=1\" \/><a href=\"https:\/\/cdn-ondemand.rtp.pt\/nas2.share\/informacao\/2024\/wMigrantesPDF_2203ww_402313.mp4\">https:\/\/cdn-ondemand.rtp.pt\/nas2.share\/informacao\/2024\/wMigrantesPDF_2203ww_402313.mp4<\/a><\/video><\/div>\n<p>\/\/ Fonte: RPT.PT<\/p>\n","protected":false},"excerpt":{"rendered":"<p>imigrantes ficaram retidos no aeroporto de Lisboa durante 48 horas, 13 das quais sem \u00e1gua e sem comida. Acusam as autoridades de discrimina\u00e7\u00e3o e de maus tratos. A Prova dos Factos teve acesso a imagens e v\u00eddeos que revelam as condi\u00e7\u00f5es do espa\u00e7o onde pernoitaram e conversas com os agentes da PSP. Nestes di\u00e1logos \u00e9 vis\u00edvel as dificuldades criadas para que os jovens contactassem um advogado. A defesa do casal j\u00e1 apresentou uma queixa crime. A PSP recusa as acusa\u00e7\u00f5es e diz que tudo aconteceu tudo dentro da normalidade. Assista a reportagem: https:\/\/cdn-ondemand.rtp.pt\/nas2.share\/informacao\/2024\/wMigrantesPDF_2203ww_402313.mp4 \/\/ Fonte: RPT.PT<\/p>\n","protected":false},"author":1,"featured_media":57321,"comment_status":"open","ping_status":"closed","sticky":false,"template":"","format":"standard","meta":{"_links_to":"","_links_to_target":""},"categories":[3,8,1],"tags":[],"views":1368,"_links":{"self":[{"href":"https:\/\/www.brazilianpress.com\/v1\/wp-json\/wp\/v2\/posts\/57320"}],"collection":[{"href":"https:\/\/www.brazilianpress.com\/v1\/wp-json\/wp\/v2\/posts"}],"about":[{"href":"https:\/\/www.brazilianpress.com\/v1\/wp-json\/wp\/v2\/types\/post"}],"author":[{"embeddable":true,"href":"https:\/\/www.brazilianpress.com\/v1\/wp-json\/wp\/v2\/users\/1"}],"replies":[{"embeddable":true,"href":"https:\/\/www.brazilianpress.com\/v1\/wp-json\/wp\/v2\/comments?post=57320"}],"version-history":[{"count":2,"href":"https:\/\/www.brazilianpress.com\/v1\/wp-json\/wp\/v2\/posts\/57320\/revisions"}],"predecessor-version":[{"id":57323,"href":"https:\/\/www.brazilianpress.com\/v1\/wp-json\/wp\/v2\/posts\/57320\/revisions\/57323"}],"wp:featuredmedia":[{"embeddable":true,"href":"https:\/\/www.brazilianpress.com\/v1\/wp-json\/wp\/v2\/media\/57321"}],"wp:attachment":[{"href":"https:\/\/www.brazilianpress.com\/v1\/wp-json\/wp\/v2\/media?parent=57320"}],"wp:term":[{"taxonomy":"category","embeddable":true,"href":"https:\/\/www.brazilianpress.com\/v1\/wp-json\/wp\/v2\/categories?post=57320"},{"taxonomy":"post_tag","embeddable":true,"href":"https:\/\/www.brazilianpress.com\/v1\/wp-json\/wp\/v2\/tags?post=57320"}],"curies":[{"name":"wp","href":"https:\/\/api.w.org\/{rel}","templated":true}]}}