{"id":57328,"date":"2024-03-25T11:39:48","date_gmt":"2024-03-25T15:39:48","guid":{"rendered":"https:\/\/www.brazilianpress.com\/v1\/?p=57328"},"modified":"2024-03-25T17:19:34","modified_gmt":"2024-03-25T21:19:34","slug":"extradicao-do-blogueiro-allan-dos-santos-para-o-brasil-dependera-do-aval-da-justica-dos-eua","status":"publish","type":"post","link":"https:\/\/www.brazilianpress.com\/v1\/2024\/03\/25\/extradicao-do-blogueiro-allan-dos-santos-para-o-brasil-dependera-do-aval-da-justica-dos-eua\/","title":{"rendered":"Extradi\u00e7\u00e3o do blogueiro Allan dos Santos para o Brasil depender\u00e1 do aval da Justi\u00e7a dos EUA"},"content":{"rendered":"<p><strong>A Justi\u00e7a dos Estados Unidos dever\u00e1 decidir sobre o caso Allan dos Santos mesmo se o Departamento de Justi\u00e7a norte-americano (o equivalente ao Minist\u00e9rio da Justi\u00e7a brasileiro) decidir pela extradi\u00e7\u00e3o do blogueiro bolsonarista, segundo apurou o Poder360.<\/strong><\/p>\n<p>Nos EUA, o tr\u00e2mite de extradi\u00e7\u00e3o, contudo, n\u00e3o exige que seja protocolado em tribunais superiores \u2013como no Brasil. Por isso, o caso pode ser decidido por inst\u00e2ncias inferiores do Poder Judici\u00e1rio do pa\u00eds. Neste ano, j\u00e1 sob Ricardo Lewandowski, autoridades brasileiras e norte-americanas se reuniram no Pal\u00e1cio da Justi\u00e7a, em Bras\u00edlia, para tratar sobre o caso Allan. Nessa reuni\u00e3o, as autoridades norte-americanas comunicaram que seguiriam parcialmente com o pedido de extradi\u00e7\u00e3o.<\/p>\n<p><img src=\"https:\/\/cdn.jornaldebrasilia.com.br\/wp-content\/uploads\/2022\/11\/15104816\/Sem-Titulo-10.webp\" alt=\"Surtado e fora de si, Allan dos Santos intimida brasileiro nas ruas de Nova  York: \u201cSeja homem. Seu covarde! Seu merda! Vagabundo!&quot; - Jornal de Bras\u00edlia\" \/><\/p>\n<p>Em 21 de outubro de 2021, o ministro Alexandre de Moraes decretou pris\u00e3o preventiva do blogueiro por atua\u00e7\u00e3o em organiza\u00e7\u00e3o criminosa, crimes contra honra e incita\u00e7\u00e3o a crimes, preconceito e lavagem de dinheiro. Os crimes est\u00e3o inclu\u00eddos no Tratado de Extradi\u00e7\u00e3o firmado entre EUA e Brasil e dependem de an\u00e1lise do governo norte-americano. O Poder360 apurou que integrantes do governo dos EUA solicitaram mais informa\u00e7\u00f5es sobre os crimes que Allan \u00e9 investigado. Em documento ao Minist\u00e9rio da Justi\u00e7a, as autoridades norte-americanas dizem \u201ccompreender\u201d a import\u00e2ncia do tema e se comprometem em analisar com celeridade depois do envio dos materiais.<\/p>\n<p><img src=\"https:\/\/uploads.metropoles.com\/wp-content\/uploads\/2022\/11\/14141404\/WhatsApp-Image-2022-11-14-at-14.13.49.jpeg\" alt=\"Extremista Allan dos Santos protesta em frente a hotel de Moraes em NY |  Metr\u00f3poles\" \/><\/p>\n<p>Lewandowski encaminhou o pedido dos EUA para o STF (Supremo Tribunal Federal) e aguarda, at\u00e9 o momento, o compartilhamento dos materiais. O gabinete de Alexandre de Moraes trabalha para juntar todas as informa\u00e7\u00f5es para evitar interpreta\u00e7\u00f5es divergentes para as autoridades norte-americanas. O Minist\u00e9rio da Justi\u00e7a tenta acelerar o processo de extradi\u00e7\u00e3o de Allan antes das elei\u00e7\u00f5es dos EUA, em 5 de novembro. Integrantes do \u00f3rg\u00e3o ouvidos por este jornal digital avaliam que processo se tornar\u00e1 dif\u00edcil, caso Donald Trump ven\u00e7a as elei\u00e7\u00f5es presidenciais.<\/p>\n","protected":false},"excerpt":{"rendered":"<p>A Justi\u00e7a dos Estados Unidos dever\u00e1 decidir sobre o caso Allan dos Santos mesmo se o Departamento de Justi\u00e7a norte-americano (o equivalente ao Minist\u00e9rio da Justi\u00e7a brasileiro) decidir pela extradi\u00e7\u00e3o do blogueiro bolsonarista, segundo apurou o Poder360. Nos EUA, o tr\u00e2mite de extradi\u00e7\u00e3o, contudo, n\u00e3o exige que seja protocolado em tribunais superiores \u2013como no Brasil. Por isso, o caso pode ser decidido por inst\u00e2ncias inferiores do Poder Judici\u00e1rio do pa\u00eds. Neste ano, j\u00e1 sob Ricardo Lewandowski, autoridades brasileiras e norte-americanas se reuniram no Pal\u00e1cio da Justi\u00e7a, em Bras\u00edlia, para tratar sobre o caso Allan. Nessa reuni\u00e3o, as autoridades norte-americanas comunicaram [&hellip;]<\/p>\n","protected":false},"author":1,"featured_media":57329,"comment_status":"open","ping_status":"closed","sticky":false,"template":"","format":"standard","meta":{"_links_to":"","_links_to_target":""},"categories":[4,3,1],"tags":[],"views":1307,"_links":{"self":[{"href":"https:\/\/www.brazilianpress.com\/v1\/wp-json\/wp\/v2\/posts\/57328"}],"collection":[{"href":"https:\/\/www.brazilianpress.com\/v1\/wp-json\/wp\/v2\/posts"}],"about":[{"href":"https:\/\/www.brazilianpress.com\/v1\/wp-json\/wp\/v2\/types\/post"}],"author":[{"embeddable":true,"href":"https:\/\/www.brazilianpress.com\/v1\/wp-json\/wp\/v2\/users\/1"}],"replies":[{"embeddable":true,"href":"https:\/\/www.brazilianpress.com\/v1\/wp-json\/wp\/v2\/comments?post=57328"}],"version-history":[{"count":2,"href":"https:\/\/www.brazilianpress.com\/v1\/wp-json\/wp\/v2\/posts\/57328\/revisions"}],"predecessor-version":[{"id":57332,"href":"https:\/\/www.brazilianpress.com\/v1\/wp-json\/wp\/v2\/posts\/57328\/revisions\/57332"}],"wp:featuredmedia":[{"embeddable":true,"href":"https:\/\/www.brazilianpress.com\/v1\/wp-json\/wp\/v2\/media\/57329"}],"wp:attachment":[{"href":"https:\/\/www.brazilianpress.com\/v1\/wp-json\/wp\/v2\/media?parent=57328"}],"wp:term":[{"taxonomy":"category","embeddable":true,"href":"https:\/\/www.brazilianpress.com\/v1\/wp-json\/wp\/v2\/categories?post=57328"},{"taxonomy":"post_tag","embeddable":true,"href":"https:\/\/www.brazilianpress.com\/v1\/wp-json\/wp\/v2\/tags?post=57328"}],"curies":[{"name":"wp","href":"https:\/\/api.w.org\/{rel}","templated":true}]}}