{"id":57348,"date":"2024-03-28T11:51:27","date_gmt":"2024-03-28T15:51:27","guid":{"rendered":"https:\/\/www.brazilianpress.com\/v1\/?p=57348"},"modified":"2024-03-28T11:51:27","modified_gmt":"2024-03-28T15:51:27","slug":"homem-ataca-pessoas-com-faca-e-deixa-quatro-mortos-no-illinois","status":"publish","type":"post","link":"https:\/\/www.brazilianpress.com\/v1\/2024\/03\/28\/homem-ataca-pessoas-com-faca-e-deixa-quatro-mortos-no-illinois\/","title":{"rendered":"Homem ataca pessoas com faca e deixa quatro mortos no Illinois"},"content":{"rendered":"<p><strong>Quatro pessoas foram mortas e sete ficaram feridas em ataques com faca realizados em v\u00e1rios locais de uma comunidade do norte de Illinois, nos Estados Unidos, na tarde desta quarta-feira, 27. De acordo com informa\u00e7\u00f5es das autoridades locais, um homem de 22 anos foi preso e interrogado pelos ataques. A pol\u00edcia de Rockford recebeu uma chamada m\u00e9dica \u00e0s 13h14, seguida de outras chamadas para a pol\u00edcia e param\u00e9dicos, entretanto, os policiais n\u00e3o acreditam que os ataques contaram com c\u00famplices.<\/strong><\/p>\n<p>Inicialmente cinco pessoas haviam sido feridas, mas na noite de quarta-feira o n\u00famero subiu para sete. O suspeito foi preso por um delegado do xerife do condado de Winnebago depois que eles foram chamados para uma den\u00fancia de invas\u00e3o de domic\u00edlio, disse o xerife Gary Caruana.<\/p>\n<p><img src=\"https:\/\/i.guim.co.uk\/img\/media\/e0291cbd1bab3e89bc803949f63d6da5942211e4\/0_119_2638_1582\/master\/2638.jpg?width=1200&amp;quality=85&amp;auto=format&amp;fit=max&amp;s=19857717b3098e2dc43ec350c4242fac\" alt=\"Suspect held after four killed and seven injured in Illinois stabbings |  Illinois | The Guardian\" \/><\/p>\n<p>\u201cA jovem fugiu dele\u201d, disse Caruana sobre um dos sobreviventes. \u201cEla levou algumas facadas nas m\u00e3os e no rosto. Ela est\u00e1 em estado grave. Um dos bons samaritanos parou para ajud\u00e1-la. Ele levou algumas facadas. E est\u00e1 sendo examinado.\u201d<\/p>\n<p>O morador Eric Patterson disse que estava lutando para entender a viol\u00eancia em sua rua. \u201cN\u00e3o se pode racionalizar isso\u201d, disse Patterson ao Rockford Register Star. \u201c\u00c9 quase como jogar um videogame, mas \u00e9 a realidade. N\u00e3o faz sentido. \u00c9 como o Grand Theft Auto. \u2018Vou atropelar o carteiro aqui. Vou esfaquear algumas pessoas ali. Vou entrar nesta casa aqui&#8217;\u201d.<\/p>\n<p><img src=\"https:\/\/www.journalstandard.com\/gcdn\/authoring\/authoring-images\/2024\/03\/27\/NRRS\/73122966007-eggleston-stabbing.jpg?crop=2047,1153,x0,y191&amp;width=1600&amp;height=800&amp;format=pjpg&amp;auto=webp\" alt=\"Police: Multiple people stabbed in Rockford, suspect in custody\" \/><\/p>\n<p>Outra moradora, Vanessa Hy, disse \u00e0 WREX-TV em Rockford que a experi\u00eancia de testemunhar a pris\u00e3o foi irreal, \u201ccomo um filme\u201d. \u201cDe repente, ouvimos policiais correndo dos dois lados da casa gritando \u2018Pare! Abaixe-se!\u201d Hy disse \u00e0 esta\u00e7\u00e3o. \u201cEm seguida, eles correram para o quintal e, depois de alguns minutos, n\u00f3s os vimos trazendo o suspeito algemado pela entrada da garagem e ele estava muito ensanguentado.\u201d<\/p>\n<p>A pol\u00edcia identificou as v\u00edtimas como uma menina de 15 anos, uma mulher de 63 anos, um homem de 49 anos e outro de 22 anos. Seus nomes n\u00e3o foram divulgados. Moradores da \u00e1rea estavam sendo solicitados a analisar as imagens das c\u00e2meras de vigil\u00e2ncia de suas casas para ver se havia algo relacionado aos ataques. A popula\u00e7\u00e3o de Rockford \u00e9 de cerca de 150 mil habitantes e fica a 145 quil\u00f4metros a noroeste de Chicago.<\/p>\n<p><img src=\"https:\/\/media.cnn.com\/api\/v1\/images\/stellar\/prod\/still-20497779-2008770-still.jpg?c=16x9&amp;q=h_833,w_1480,c_fill\" alt=\"media.cnn.com\/api\/v1\/images\/stellar\/prod\/still-204...\" \/><\/p>\n<p>A viol\u00eancia de quarta-feira ocorreu dias depois que um funcion\u00e1rio adolescente de um Walmart em Rockford foi esfaqueado e morto dentro do supermercado. \u201cHoje, estamos chocados com outro ato horr\u00edvel de viol\u00eancia contra membros inocentes de nossa comunidade\u201d, disse o prefeito de Rockford, Tom McNamara. J\u00e1 com o suspeito preso, o prefeito escreveu na p\u00e1gina da cidade no Facebook que \u201cv\u00e1rias jurisdi\u00e7\u00f5es\u201d est\u00e3o \u201ctrabalhando em v\u00e1rias cenas de crime para desenvolver uma compreens\u00e3o do que aconteceu em um esfor\u00e7o para evitar que isso aconte\u00e7a novamente\u201d.<\/p>\n","protected":false},"excerpt":{"rendered":"<p>Quatro pessoas foram mortas e sete ficaram feridas em ataques com faca realizados em v\u00e1rios locais de uma comunidade do norte de Illinois, nos Estados Unidos, na tarde desta quarta-feira, 27. De acordo com informa\u00e7\u00f5es das autoridades locais, um homem de 22 anos foi preso e interrogado pelos ataques. A pol\u00edcia de Rockford recebeu uma chamada m\u00e9dica \u00e0s 13h14, seguida de outras chamadas para a pol\u00edcia e param\u00e9dicos, entretanto, os policiais n\u00e3o acreditam que os ataques contaram com c\u00famplices. Inicialmente cinco pessoas haviam sido feridas, mas na noite de quarta-feira o n\u00famero subiu para sete. O suspeito foi preso por [&hellip;]<\/p>\n","protected":false},"author":1,"featured_media":57349,"comment_status":"open","ping_status":"closed","sticky":false,"template":"","format":"standard","meta":{"_links_to":"","_links_to_target":""},"categories":[3,1,10],"tags":[],"views":1201,"_links":{"self":[{"href":"https:\/\/www.brazilianpress.com\/v1\/wp-json\/wp\/v2\/posts\/57348"}],"collection":[{"href":"https:\/\/www.brazilianpress.com\/v1\/wp-json\/wp\/v2\/posts"}],"about":[{"href":"https:\/\/www.brazilianpress.com\/v1\/wp-json\/wp\/v2\/types\/post"}],"author":[{"embeddable":true,"href":"https:\/\/www.brazilianpress.com\/v1\/wp-json\/wp\/v2\/users\/1"}],"replies":[{"embeddable":true,"href":"https:\/\/www.brazilianpress.com\/v1\/wp-json\/wp\/v2\/comments?post=57348"}],"version-history":[{"count":1,"href":"https:\/\/www.brazilianpress.com\/v1\/wp-json\/wp\/v2\/posts\/57348\/revisions"}],"predecessor-version":[{"id":57350,"href":"https:\/\/www.brazilianpress.com\/v1\/wp-json\/wp\/v2\/posts\/57348\/revisions\/57350"}],"wp:featuredmedia":[{"embeddable":true,"href":"https:\/\/www.brazilianpress.com\/v1\/wp-json\/wp\/v2\/media\/57349"}],"wp:attachment":[{"href":"https:\/\/www.brazilianpress.com\/v1\/wp-json\/wp\/v2\/media?parent=57348"}],"wp:term":[{"taxonomy":"category","embeddable":true,"href":"https:\/\/www.brazilianpress.com\/v1\/wp-json\/wp\/v2\/categories?post=57348"},{"taxonomy":"post_tag","embeddable":true,"href":"https:\/\/www.brazilianpress.com\/v1\/wp-json\/wp\/v2\/tags?post=57348"}],"curies":[{"name":"wp","href":"https:\/\/api.w.org\/{rel}","templated":true}]}}