{"id":57354,"date":"2024-03-29T10:57:46","date_gmt":"2024-03-29T14:57:46","guid":{"rendered":"https:\/\/www.brazilianpress.com\/v1\/?p=57354"},"modified":"2024-03-29T10:57:46","modified_gmt":"2024-03-29T14:57:46","slug":"brasileiro-foragido-de-minas-gerais-por-torturar-um-menor-de-8-anos-foi-extraditado-de-portugal","status":"publish","type":"post","link":"https:\/\/www.brazilianpress.com\/v1\/2024\/03\/29\/brasileiro-foragido-de-minas-gerais-por-torturar-um-menor-de-8-anos-foi-extraditado-de-portugal\/","title":{"rendered":"Brasileiro foragido de Minas Gerais por torturar um menor de 8 anos foi extraditado de Portugal"},"content":{"rendered":"<p><strong>A Pol\u00edcia Federal informou que realizou escolta de um brasileiro extraditado para o Brasil na quarta-feira, 20 de mar\u00e7o, o qual estava preso em Portugal desde o dia 23 de fevereiro de 2023. Sua extradi\u00e7\u00e3o decorre do nome do indiv\u00edduo inserido na Difus\u00e3o Vermelha.<\/strong><\/p>\n<p>O N\u00facleo de Coopera\u00e7\u00e3o Internacional da Pol\u00edcia Federal em Minas Gerais publicou o alerta internacional, isto \u00e9, a Difus\u00e3o Vermelha, em 12 de janeiro de 2023, incluindo o sujeito foragido no rol de procurados internacionais.<\/p>\n<p>O homem foi sentenciado a mais de oito anos de pris\u00e3o pelo Juizado de Viol\u00eancia Dom\u00e9stica da Comarca de Belo Horizonte (MG), pelo cometimento de tortura e les\u00f5es corporais de natureza grave praticadas no \u00e2mbito dom\u00e9stico contra um menor de oito anos.<\/p>\n<p>Diante da situa\u00e7\u00e3o, o indiv\u00edduo foi entregue pelas autoridades lusitanas no aeroporto de Lisboa e escoltado por policiais federais em voo direto para o Aeroporto Internacional de Belo Horizonte, em Confins (MG). O homem ser\u00e1 custodiado em Contagem (MG) e ficar\u00e1 \u00e0 disposi\u00e7\u00e3o da Justi\u00e7a.<\/p>\n","protected":false},"excerpt":{"rendered":"<p>A Pol\u00edcia Federal informou que realizou escolta de um brasileiro extraditado para o Brasil na quarta-feira, 20 de mar\u00e7o, o qual estava preso em Portugal desde o dia 23 de fevereiro de 2023. Sua extradi\u00e7\u00e3o decorre do nome do indiv\u00edduo inserido na Difus\u00e3o Vermelha. O N\u00facleo de Coopera\u00e7\u00e3o Internacional da Pol\u00edcia Federal em Minas Gerais publicou o alerta internacional, isto \u00e9, a Difus\u00e3o Vermelha, em 12 de janeiro de 2023, incluindo o sujeito foragido no rol de procurados internacionais. O homem foi sentenciado a mais de oito anos de pris\u00e3o pelo Juizado de Viol\u00eancia Dom\u00e9stica da Comarca de Belo Horizonte [&hellip;]<\/p>\n","protected":false},"author":1,"featured_media":52720,"comment_status":"open","ping_status":"closed","sticky":false,"template":"","format":"standard","meta":{"_links_to":"","_links_to_target":""},"categories":[3,8,1],"tags":[],"views":1251,"_links":{"self":[{"href":"https:\/\/www.brazilianpress.com\/v1\/wp-json\/wp\/v2\/posts\/57354"}],"collection":[{"href":"https:\/\/www.brazilianpress.com\/v1\/wp-json\/wp\/v2\/posts"}],"about":[{"href":"https:\/\/www.brazilianpress.com\/v1\/wp-json\/wp\/v2\/types\/post"}],"author":[{"embeddable":true,"href":"https:\/\/www.brazilianpress.com\/v1\/wp-json\/wp\/v2\/users\/1"}],"replies":[{"embeddable":true,"href":"https:\/\/www.brazilianpress.com\/v1\/wp-json\/wp\/v2\/comments?post=57354"}],"version-history":[{"count":1,"href":"https:\/\/www.brazilianpress.com\/v1\/wp-json\/wp\/v2\/posts\/57354\/revisions"}],"predecessor-version":[{"id":57355,"href":"https:\/\/www.brazilianpress.com\/v1\/wp-json\/wp\/v2\/posts\/57354\/revisions\/57355"}],"wp:featuredmedia":[{"embeddable":true,"href":"https:\/\/www.brazilianpress.com\/v1\/wp-json\/wp\/v2\/media\/52720"}],"wp:attachment":[{"href":"https:\/\/www.brazilianpress.com\/v1\/wp-json\/wp\/v2\/media?parent=57354"}],"wp:term":[{"taxonomy":"category","embeddable":true,"href":"https:\/\/www.brazilianpress.com\/v1\/wp-json\/wp\/v2\/categories?post=57354"},{"taxonomy":"post_tag","embeddable":true,"href":"https:\/\/www.brazilianpress.com\/v1\/wp-json\/wp\/v2\/tags?post=57354"}],"curies":[{"name":"wp","href":"https:\/\/api.w.org\/{rel}","templated":true}]}}