{"id":57356,"date":"2024-03-30T11:09:24","date_gmt":"2024-03-30T15:09:24","guid":{"rendered":"https:\/\/www.brazilianpress.com\/v1\/?p=57356"},"modified":"2024-03-30T11:09:53","modified_gmt":"2024-03-30T15:09:53","slug":"em-terceira-operacao-em-2024-voo-proveniente-dos-eua-trouxe-ao-brasil-mais-brasileiros-deportados","status":"publish","type":"post","link":"https:\/\/www.brazilianpress.com\/v1\/2024\/03\/30\/em-terceira-operacao-em-2024-voo-proveniente-dos-eua-trouxe-ao-brasil-mais-brasileiros-deportados\/","title":{"rendered":"Em terceira opera\u00e7\u00e3o em 2024, voo proveniente dos EUA trouxe ao Brasil mais brasileiros deportados"},"content":{"rendered":"<p><strong>Na madrugada de sexta-feira, mais um avi\u00e3o trazendo brasileiros deportados dos Estados Unidos, na terceira opera\u00e7\u00e3o de 2024 contratada pelo governo norte-americano para este fim.<\/strong><\/p>\n<p>O avi\u00e3o alocado para o servi\u00e7o \u00e9 o Airbus A320 registrado sob a matr\u00edcula N837VA, da companhia a\u00e9rea norte-americana Global Crossing Airlines (ou GlobalX). Ele possui uma pintura diferenciada com faixas azuis e o nome completo da empresa, al\u00e9m das iniciais GCA na cauda, em vez do grande \u201cGlobalX\u201d estampado em outros avi\u00f5es de sua frota.<\/p>\n<p>O exterior diferenciado, por\u00e9m, \u00e9 apenas est\u00e9tico, sem nenhuma diferen\u00e7a para os demais jatos da empresa, em termos operacionais.<\/p>\n<p>A aprova\u00e7\u00e3o desse tipo de voos pela Ag\u00eancia Nacional de Avia\u00e7\u00e3o Civil (ANAC), mais uma vez envolveu dois aeroportos brasileiros.<\/p>\n<p>O A320 partiu de Alexandria, nos EUA e faz uma escala de reabastecimento no Panam\u00e1. Depois, houve mais uma parada no in\u00edcio da tarde no Aeroporto Internacional Eduardo Gomes, em Manaus (AM), prosseguindo, por fim, at\u00e9 o Aeroporto Internacional Tancredo Neves, de Belo Horizonte, em Confins (MG). O voo de retorno aos EUA foi no s\u00e1bado, 23, envolvendo as mesmas duas paradas t\u00e9cnicas.<\/p>\n<p>Conforme levantamento feito pelo criador de conte\u00fado digital Ricardo Morgan (@morganspotter), especializado em fotos e v\u00eddeos das aeronaves que passam pelo aeroporto mineiro, este ser\u00e1 o voo de deportados de n\u00famero 105 desde que os governos do Brasil e dos Estados Unidos firmaram, em 2019, um acordo que viabilizou a deporta\u00e7\u00e3o de brasileiros irregulares em solo norte-americano. At\u00e9 o voo anterior, realizado em fevereiro deste ano com 83 deportados, o total de 2024 chegou a 217. Desde 2019, foram 9.496.<\/p>\n","protected":false},"excerpt":{"rendered":"<p>Na madrugada de sexta-feira, mais um avi\u00e3o trazendo brasileiros deportados dos Estados Unidos, na terceira opera\u00e7\u00e3o de 2024 contratada pelo governo norte-americano para este fim. O avi\u00e3o alocado para o servi\u00e7o \u00e9 o Airbus A320 registrado sob a matr\u00edcula N837VA, da companhia a\u00e9rea norte-americana Global Crossing Airlines (ou GlobalX). Ele possui uma pintura diferenciada com faixas azuis e o nome completo da empresa, al\u00e9m das iniciais GCA na cauda, em vez do grande \u201cGlobalX\u201d estampado em outros avi\u00f5es de sua frota. O exterior diferenciado, por\u00e9m, \u00e9 apenas est\u00e9tico, sem nenhuma diferen\u00e7a para os demais jatos da empresa, em termos operacionais. [&hellip;]<\/p>\n","protected":false},"author":1,"featured_media":57357,"comment_status":"open","ping_status":"closed","sticky":false,"template":"","format":"standard","meta":{"_links_to":"","_links_to_target":""},"categories":[4,3,1],"tags":[],"views":1671,"_links":{"self":[{"href":"https:\/\/www.brazilianpress.com\/v1\/wp-json\/wp\/v2\/posts\/57356"}],"collection":[{"href":"https:\/\/www.brazilianpress.com\/v1\/wp-json\/wp\/v2\/posts"}],"about":[{"href":"https:\/\/www.brazilianpress.com\/v1\/wp-json\/wp\/v2\/types\/post"}],"author":[{"embeddable":true,"href":"https:\/\/www.brazilianpress.com\/v1\/wp-json\/wp\/v2\/users\/1"}],"replies":[{"embeddable":true,"href":"https:\/\/www.brazilianpress.com\/v1\/wp-json\/wp\/v2\/comments?post=57356"}],"version-history":[{"count":1,"href":"https:\/\/www.brazilianpress.com\/v1\/wp-json\/wp\/v2\/posts\/57356\/revisions"}],"predecessor-version":[{"id":57358,"href":"https:\/\/www.brazilianpress.com\/v1\/wp-json\/wp\/v2\/posts\/57356\/revisions\/57358"}],"wp:featuredmedia":[{"embeddable":true,"href":"https:\/\/www.brazilianpress.com\/v1\/wp-json\/wp\/v2\/media\/57357"}],"wp:attachment":[{"href":"https:\/\/www.brazilianpress.com\/v1\/wp-json\/wp\/v2\/media?parent=57356"}],"wp:term":[{"taxonomy":"category","embeddable":true,"href":"https:\/\/www.brazilianpress.com\/v1\/wp-json\/wp\/v2\/categories?post=57356"},{"taxonomy":"post_tag","embeddable":true,"href":"https:\/\/www.brazilianpress.com\/v1\/wp-json\/wp\/v2\/tags?post=57356"}],"curies":[{"name":"wp","href":"https:\/\/api.w.org\/{rel}","templated":true}]}}