{"id":57439,"date":"2024-04-05T12:15:24","date_gmt":"2024-04-05T16:15:24","guid":{"rendered":"https:\/\/www.brazilianpress.com\/v1\/?p=57439"},"modified":"2024-04-05T12:15:24","modified_gmt":"2024-04-05T16:15:24","slug":"menina-brasileira-com-cancer-agressivo-e-chamada-para-tratamento-experimental-nos-eua-tem-visto-negado","status":"publish","type":"post","link":"https:\/\/www.brazilianpress.com\/v1\/2024\/04\/05\/menina-brasileira-com-cancer-agressivo-e-chamada-para-tratamento-experimental-nos-eua-tem-visto-negado\/","title":{"rendered":"Menina brasileira com c\u00e2ncer agressivo e chamada para tratamento experimental nos EUA tem visto negado"},"content":{"rendered":"<p><strong>Uma medica\u00e7\u00e3o que est\u00e1 sendo desenvolvida nos Estados Unidos pode ser o que falta no tratamento de uma menina de 10 anos, diagnosticada com c\u00e2ncer no c\u00e9rebro. Vit\u00f3ria mora no estado do Rio e j\u00e1 conseguiu at\u00e9 o dinheiro para viajar, mas o consulado americano negou o visto para entrada no pa\u00eds.<\/strong><\/p>\n<p>Desde outubro do ano passado, a fam\u00edlia da menina enfrenta uma corrida contra o tempo. Ela recebeu o diagn\u00f3stico de um tumor no tronco cerebral, muito agressivo. Imediatamente, a menina come\u00e7ou o tratamento no Instituto Nacional do C\u00e2ncer (Inca).<\/p>\n<p><img src=\"https:\/\/s2-g1.glbimg.com\/YulZACW7rjWORl-uuiK2PrnJKPI=\/0x0:1920x1080\/984x0\/smart\/filters:strip_icc()\/i.s3.glbimg.com\/v1\/AUTH_59edd422c0c84a879bd37670ae4f538a\/internal_photos\/bs\/2024\/5\/0\/Tl3QU1S8qTpNUUBC2sXQ\/vitoria.jpeg\" alt=\"Vit\u00f3ria, de 10 anos, foi diagnosticada com c\u00e2ncer no c\u00e9rebro \u2014 Foto: Reprodu\u00e7\u00e3o\/TV Globo\" \/><\/p>\n<p>\u201cEla come\u00e7ou a tomar um rem\u00e9dio, que inclusive incha bastante, e nos indicaram a radioterapia como tratamento paliativo\u201d, fala o pai, Rodolpho Kaizer. \u201cSe n\u00e3o tiver tratamento espec\u00edfico, ele [o tumor], automaticamente, pode ir se ampliando e pode causar novos danos, porque como \u00e9 no c\u00e9rebro, a\u00ed tem a quest\u00e3o do falar, do andar, da respira\u00e7\u00e3o, degluti\u00e7\u00e3o e pode acarretar novos danos.\u201d Os pais, ent\u00e3o, come\u00e7aram a correr atr\u00e1s de outras possibilidades e descobriram uma chance. Um medicamento que est\u00e1 sendo desenvolvido em um hospital em Miami e que tem apresentado bons resultados.<\/p>\n<p><img src=\"https:\/\/s2-g1.glbimg.com\/9w4qrZtpDXJfKEW0hcQFEAMwNA0=\/0x0:1920x1080\/984x0\/smart\/filters:strip_icc()\/i.s3.glbimg.com\/v1\/AUTH_59edd422c0c84a879bd37670ae4f538a\/internal_photos\/bs\/2024\/u\/L\/QrMJaJTJ66MBjICOwoGg\/pais.jpeg\" alt=\"Pais de Vit\u00f3ria tentam conseguir visto americano para tratamento da filha nos Estados Unidos \u2014 Foto: Reprodu\u00e7\u00e3o\/TV Globo\" \/><\/p>\n<p>\u201cApresentamos o diagn\u00f3stico, apresentamos os exames que foram feitos, nos foi pedido um laudo da m\u00e9dica que atende a Vit\u00f3ria, que foi feito e apresentado, at\u00e9 que eles aceitaram.\u201d Vit\u00f3ria foi aceita no hospital. A fam\u00edlia, ent\u00e3o, come\u00e7ou mais uma etapa: conseguir dinheiro para custear passagem, hospedagem e consulta. A medica\u00e7\u00e3o \u00e9 gratuita. A fam\u00edlia conseguiu reunir o dinheiro necess\u00e1rio para o in\u00edcio do tratamento que tem data prevista para o dia 16 de abril. Na primeira consulta, Vit\u00f3ria precisa estar presente com um respons\u00e1vel. Depois, os m\u00e9dicos v\u00e3o avaliando o tratamento e apenas o pai ou m\u00e3e precisa ir at\u00e9 l\u00e1 para retirar o rem\u00e9dio.<\/p>\n<p>Com a aprova\u00e7\u00e3o do hospital, os pais acreditavam que faltava apenas a parte mais simples: a documenta\u00e7\u00e3o para viajar. Mas n\u00e3o foi o que aconteceu. O consulado americano negou o pedido de visto da fam\u00edlia. Na reposta, o consulado argumenta que os solicitantes a visto tempor\u00e1rio t\u00eam que provar que n\u00e3o tem a inten\u00e7\u00e3o de imigrar para os Estados Unidos. \u201cLevamos toda a documenta\u00e7\u00e3o necess\u00e1ria, a carta do hospital, de Miami, todos os laudos dos m\u00e9dicos do Inca, da pediatria daqui, todos os exames, a gente levou tudo&#8221;, fala a m\u00e3e, Raphany Kaizer. Com o visto negado, a fam\u00edlia entrou em contato novamente com o hospital americano, que enviou uma carta para o consulado.<\/p>\n<p>No documento, a dire\u00e7\u00e3o do hospital afirma que a crian\u00e7a n\u00e3o ser\u00e1 internada no hospital e que o ensaio cl\u00ednico n\u00e3o ter\u00e1 nenhum custo para a fam\u00edlia. Em outro trecho, a dire\u00e7\u00e3o do hospital segue dizendo que h\u00e1 uma janela apertada para Vit\u00f3ria come\u00e7ar o tratamento devido ao diagnostico. E completa destacando que o hospital tem a certeza de que, vendo a natureza do pedido de visto, o consulado ter\u00e1 uma considera\u00e7\u00e3o cuidadosa e humanit\u00e1ria. \u201cNosso interesse \u00e9 zero de mudar para outro lugar. Existe um fato, que \u00e9 esse fato que a gente t\u00e1 hoje buscando, que \u00e9 resolver essa quest\u00e3o do medicamento da Vit\u00f3ria porque, baseado na medicina, isso \u00e9 mais uma gota de esperan\u00e7a, n\u00e9?\u201d, fala o pai. \u201cA gente tem a nossa f\u00e9, a gente acredita que em algum momento vai acontecer esse milagre, a gente ora por isso todos os dias, mas dentro do que a medicina prop\u00f5e, a gente t\u00e1 buscando mais uma alternativa.\u201d O consulado americano respondeu que informa\u00e7\u00f5es sobre vistos s\u00e3o confidenciais de acordo com as leis dos Estados Unidos e que por isso n\u00e3o v\u00e3o comentar sobre o caso.<\/p>\n<p>\/\/ Fonte: G1-RJ.<\/p>\n","protected":false},"excerpt":{"rendered":"<p>Uma medica\u00e7\u00e3o que est\u00e1 sendo desenvolvida nos Estados Unidos pode ser o que falta no tratamento de uma menina de 10 anos, diagnosticada com c\u00e2ncer no c\u00e9rebro. Vit\u00f3ria mora no estado do Rio e j\u00e1 conseguiu at\u00e9 o dinheiro para viajar, mas o consulado americano negou o visto para entrada no pa\u00eds. Desde outubro do ano passado, a fam\u00edlia da menina enfrenta uma corrida contra o tempo. Ela recebeu o diagn\u00f3stico de um tumor no tronco cerebral, muito agressivo. Imediatamente, a menina come\u00e7ou o tratamento no Instituto Nacional do C\u00e2ncer (Inca). \u201cEla come\u00e7ou a tomar um rem\u00e9dio, que inclusive incha [&hellip;]<\/p>\n","protected":false},"author":1,"featured_media":57440,"comment_status":"open","ping_status":"closed","sticky":false,"template":"","format":"standard","meta":{"_links_to":"","_links_to_target":""},"categories":[4,3,1],"tags":[],"views":1601,"_links":{"self":[{"href":"https:\/\/www.brazilianpress.com\/v1\/wp-json\/wp\/v2\/posts\/57439"}],"collection":[{"href":"https:\/\/www.brazilianpress.com\/v1\/wp-json\/wp\/v2\/posts"}],"about":[{"href":"https:\/\/www.brazilianpress.com\/v1\/wp-json\/wp\/v2\/types\/post"}],"author":[{"embeddable":true,"href":"https:\/\/www.brazilianpress.com\/v1\/wp-json\/wp\/v2\/users\/1"}],"replies":[{"embeddable":true,"href":"https:\/\/www.brazilianpress.com\/v1\/wp-json\/wp\/v2\/comments?post=57439"}],"version-history":[{"count":1,"href":"https:\/\/www.brazilianpress.com\/v1\/wp-json\/wp\/v2\/posts\/57439\/revisions"}],"predecessor-version":[{"id":57441,"href":"https:\/\/www.brazilianpress.com\/v1\/wp-json\/wp\/v2\/posts\/57439\/revisions\/57441"}],"wp:featuredmedia":[{"embeddable":true,"href":"https:\/\/www.brazilianpress.com\/v1\/wp-json\/wp\/v2\/media\/57440"}],"wp:attachment":[{"href":"https:\/\/www.brazilianpress.com\/v1\/wp-json\/wp\/v2\/media?parent=57439"}],"wp:term":[{"taxonomy":"category","embeddable":true,"href":"https:\/\/www.brazilianpress.com\/v1\/wp-json\/wp\/v2\/categories?post=57439"},{"taxonomy":"post_tag","embeddable":true,"href":"https:\/\/www.brazilianpress.com\/v1\/wp-json\/wp\/v2\/tags?post=57439"}],"curies":[{"name":"wp","href":"https:\/\/api.w.org\/{rel}","templated":true}]}}