{"id":57445,"date":"2024-04-06T15:28:46","date_gmt":"2024-04-06T19:28:46","guid":{"rendered":"https:\/\/www.brazilianpress.com\/v1\/?p=57445"},"modified":"2024-04-06T15:28:46","modified_gmt":"2024-04-06T19:28:46","slug":"tres-pessoas-foram-detidas-durante-protesto-anti-imigracao-em-portugal-neste-sabado","status":"publish","type":"post","link":"https:\/\/www.brazilianpress.com\/v1\/2024\/04\/06\/tres-pessoas-foram-detidas-durante-protesto-anti-imigracao-em-portugal-neste-sabado\/","title":{"rendered":"Tr\u00eas pessoas foram detidas durante protesto anti-imigra\u00e7\u00e3o em Portugal, neste s\u00e1bado"},"content":{"rendered":"<p><strong>Pelo menos tr\u00eas pessoas foram detidas este s\u00e1bado durante a manifesta\u00e7\u00e3o da extrema-direita no Porto, apurou a SIC. Os detidos foram pessoas de fora, que se manifestaram contra o protesto. De cara tapada e vestidos de preto, aproximaram-se e atiraram objetos aos participantes.<\/strong><\/p>\n<p>O momento desencadeou uma persegui\u00e7\u00e3o da pol\u00edcia, que acabou na deten\u00e7\u00e3o de pelo menos tr\u00eas indiv\u00edduos. Segundo a ag\u00eancia Lusa, foram ainda retiradas cerca de 50 pessoas. Protestavam contra os manifestantes da extrema-direita, gritando &#8220;fascismo nunca mais&#8221;.<\/p>\n<p><img src=\"https:\/\/i.imgur.com\/K9iMjGk.jpeg\" \/><\/p>\n<p>Em resposta, ouviram-se gritos de &#8220;Salazar, Salazar&#8221; e &#8220;tudo pela na\u00e7\u00e3o&#8221;. A manifesta\u00e7\u00e3o que foi alvo de desacatos foi organizada pelo Grupo 1143, que tem como porta-voz M\u00e1rio Machado, e teve como lema: Menos Imigra\u00e7\u00e3o, Mais Habita\u00e7\u00e3o.<\/p>\n","protected":false},"excerpt":{"rendered":"<p>Pelo menos tr\u00eas pessoas foram detidas este s\u00e1bado durante a manifesta\u00e7\u00e3o da extrema-direita no Porto, apurou a SIC. Os detidos foram pessoas de fora, que se manifestaram contra o protesto. De cara tapada e vestidos de preto, aproximaram-se e atiraram objetos aos participantes. O momento desencadeou uma persegui\u00e7\u00e3o da pol\u00edcia, que acabou na deten\u00e7\u00e3o de pelo menos tr\u00eas indiv\u00edduos. Segundo a ag\u00eancia Lusa, foram ainda retiradas cerca de 50 pessoas. Protestavam contra os manifestantes da extrema-direita, gritando &#8220;fascismo nunca mais&#8221;. Em resposta, ouviram-se gritos de &#8220;Salazar, Salazar&#8221; e &#8220;tudo pela na\u00e7\u00e3o&#8221;. A manifesta\u00e7\u00e3o que foi alvo de desacatos foi organizada [&hellip;]<\/p>\n","protected":false},"author":1,"featured_media":57446,"comment_status":"open","ping_status":"closed","sticky":false,"template":"","format":"standard","meta":{"_links_to":"","_links_to_target":""},"categories":[3,8,1],"tags":[],"views":1316,"_links":{"self":[{"href":"https:\/\/www.brazilianpress.com\/v1\/wp-json\/wp\/v2\/posts\/57445"}],"collection":[{"href":"https:\/\/www.brazilianpress.com\/v1\/wp-json\/wp\/v2\/posts"}],"about":[{"href":"https:\/\/www.brazilianpress.com\/v1\/wp-json\/wp\/v2\/types\/post"}],"author":[{"embeddable":true,"href":"https:\/\/www.brazilianpress.com\/v1\/wp-json\/wp\/v2\/users\/1"}],"replies":[{"embeddable":true,"href":"https:\/\/www.brazilianpress.com\/v1\/wp-json\/wp\/v2\/comments?post=57445"}],"version-history":[{"count":2,"href":"https:\/\/www.brazilianpress.com\/v1\/wp-json\/wp\/v2\/posts\/57445\/revisions"}],"predecessor-version":[{"id":57448,"href":"https:\/\/www.brazilianpress.com\/v1\/wp-json\/wp\/v2\/posts\/57445\/revisions\/57448"}],"wp:featuredmedia":[{"embeddable":true,"href":"https:\/\/www.brazilianpress.com\/v1\/wp-json\/wp\/v2\/media\/57446"}],"wp:attachment":[{"href":"https:\/\/www.brazilianpress.com\/v1\/wp-json\/wp\/v2\/media?parent=57445"}],"wp:term":[{"taxonomy":"category","embeddable":true,"href":"https:\/\/www.brazilianpress.com\/v1\/wp-json\/wp\/v2\/categories?post=57445"},{"taxonomy":"post_tag","embeddable":true,"href":"https:\/\/www.brazilianpress.com\/v1\/wp-json\/wp\/v2\/tags?post=57445"}],"curies":[{"name":"wp","href":"https:\/\/api.w.org\/{rel}","templated":true}]}}