{"id":57462,"date":"2024-04-10T11:50:36","date_gmt":"2024-04-10T15:50:36","guid":{"rendered":"https:\/\/www.brazilianpress.com\/v1\/?p=57462"},"modified":"2024-04-10T11:50:36","modified_gmt":"2024-04-10T15:50:36","slug":"mais-uma-vez-lula-adia-fim-de-isencao-de-visto-a-turistas-de-eua-canada-e-australia","status":"publish","type":"post","link":"https:\/\/www.brazilianpress.com\/v1\/2024\/04\/10\/mais-uma-vez-lula-adia-fim-de-isencao-de-visto-a-turistas-de-eua-canada-e-australia\/","title":{"rendered":"Mais uma vez Lula adia fim de isen\u00e7\u00e3o de visto a turistas de EUA, Canad\u00e1 e Austr\u00e1lia"},"content":{"rendered":"<p><strong>O presidente Lula assinou decreto que prorroga a isen\u00e7\u00e3o de vistos a turistas de Canad\u00e1, Estados Unidos e Austr\u00e1lia. \u00c9 o que diz a coluna Capital S\/A, do Correio Braziliense. A jornalista Samanta Sallum informa que a medida foi publicada na noite passada, em edi\u00e7\u00e3o extra do Di\u00e1rio Oficial da Uni\u00e3o (DOU).<\/strong><\/p>\n<p>&#8220;Pelo decreto, os vistos voltar\u00e3o a ser exigidos somente a partir de 10 de abril de 2025. A volta da exig\u00eancia passaria a valer a partir de 10 de abril, nesta quarta-feira.&#8221;<\/p>\n<p>Ainda segundo a coluna, a &#8220;mudan\u00e7a foi unilateral, porque os brasileiros continuar\u00e3o precisando de visto para viajar para esses pa\u00edses, com exce\u00e7\u00e3o do Jap\u00e3o que, em maio do ano passado, firmou acordo para a isen\u00e7\u00e3o rec\u00edproca.&#8221; Sallum lembra tamb\u00e9m que a &#8220;prorroga\u00e7\u00e3o, publicada em edi\u00e7\u00e3o extra, faz parte de um acordo articulado na C\u00e2mara dos Deputados em 27 de mar\u00e7o. Para evitar uma derrota do governo no plen\u00e1rio quando se analisava um projeto para derrubar a volta da exig\u00eancia, o vice-l\u00edder do governo, Alencar Santana (PT-SP), articulou um acordo. O plen\u00e1rio n\u00e3o votaria o projeto naquele dia garantindo que o governo faria um decreto para estender a isen\u00e7\u00e3o.&#8221;<\/p>\n<p>E prossegue: &#8220;Os deputados j\u00e1 estavam mobilizados para votar o projeto para derrubar a exig\u00eancia dos vistos, caso Lula n\u00e3o o assinasse. O governo Bolsonaro tinha liberado a entrada dos turistas dos referidos pa\u00edses no Brasil sem necessidade de visto. Por n\u00e3o ter ocorrido reciprocidade, o governo Lula quer o retorno da exig\u00eancia e tinha definido que, a partir de agora, ela voltaria. Mas teve de recuar e dar mais prazo para n\u00e3o perder a batalha no Congresso.&#8221;<\/p>\n<p>\/\/ Fonte: Estado de Minas.<\/p>\n","protected":false},"excerpt":{"rendered":"<p>O presidente Lula assinou decreto que prorroga a isen\u00e7\u00e3o de vistos a turistas de Canad\u00e1, Estados Unidos e Austr\u00e1lia. \u00c9 o que diz a coluna Capital S\/A, do Correio Braziliense. A jornalista Samanta Sallum informa que a medida foi publicada na noite passada, em edi\u00e7\u00e3o extra do Di\u00e1rio Oficial da Uni\u00e3o (DOU). &#8220;Pelo decreto, os vistos voltar\u00e3o a ser exigidos somente a partir de 10 de abril de 2025. A volta da exig\u00eancia passaria a valer a partir de 10 de abril, nesta quarta-feira.&#8221; Ainda segundo a coluna, a &#8220;mudan\u00e7a foi unilateral, porque os brasileiros continuar\u00e3o precisando de visto para [&hellip;]<\/p>\n","protected":false},"author":1,"featured_media":55827,"comment_status":"open","ping_status":"closed","sticky":false,"template":"","format":"standard","meta":{"_links_to":"","_links_to_target":""},"categories":[7,3,1],"tags":[],"views":1448,"_links":{"self":[{"href":"https:\/\/www.brazilianpress.com\/v1\/wp-json\/wp\/v2\/posts\/57462"}],"collection":[{"href":"https:\/\/www.brazilianpress.com\/v1\/wp-json\/wp\/v2\/posts"}],"about":[{"href":"https:\/\/www.brazilianpress.com\/v1\/wp-json\/wp\/v2\/types\/post"}],"author":[{"embeddable":true,"href":"https:\/\/www.brazilianpress.com\/v1\/wp-json\/wp\/v2\/users\/1"}],"replies":[{"embeddable":true,"href":"https:\/\/www.brazilianpress.com\/v1\/wp-json\/wp\/v2\/comments?post=57462"}],"version-history":[{"count":1,"href":"https:\/\/www.brazilianpress.com\/v1\/wp-json\/wp\/v2\/posts\/57462\/revisions"}],"predecessor-version":[{"id":57463,"href":"https:\/\/www.brazilianpress.com\/v1\/wp-json\/wp\/v2\/posts\/57462\/revisions\/57463"}],"wp:featuredmedia":[{"embeddable":true,"href":"https:\/\/www.brazilianpress.com\/v1\/wp-json\/wp\/v2\/media\/55827"}],"wp:attachment":[{"href":"https:\/\/www.brazilianpress.com\/v1\/wp-json\/wp\/v2\/media?parent=57462"}],"wp:term":[{"taxonomy":"category","embeddable":true,"href":"https:\/\/www.brazilianpress.com\/v1\/wp-json\/wp\/v2\/categories?post=57462"},{"taxonomy":"post_tag","embeddable":true,"href":"https:\/\/www.brazilianpress.com\/v1\/wp-json\/wp\/v2\/tags?post=57462"}],"curies":[{"name":"wp","href":"https:\/\/api.w.org\/{rel}","templated":true}]}}