{"id":57464,"date":"2024-04-10T17:39:12","date_gmt":"2024-04-10T21:39:12","guid":{"rendered":"https:\/\/www.brazilianpress.com\/v1\/?p=57464"},"modified":"2024-04-10T17:39:12","modified_gmt":"2024-04-10T21:39:12","slug":"elon-musk-diz-que-nikolas-ferreira-e-corajoso-por-chamar-lula-de-ladrao-na-onu","status":"publish","type":"post","link":"https:\/\/www.brazilianpress.com\/v1\/2024\/04\/10\/elon-musk-diz-que-nikolas-ferreira-e-corajoso-por-chamar-lula-de-ladrao-na-onu\/","title":{"rendered":"Elon Musk diz que Nikolas Ferreira \u00e9 \u201ccorajoso\u201d por chamar Lula de \u201cladr\u00e3o\u201d na ONU"},"content":{"rendered":"<p><strong>Elon Musk, empres\u00e1rio nascido na \u00c1frica do Sul e com cidadania norte-americana desde 2002, chamou nesta 4\u00aa feira (10.abr.2024) o deputado federal Nikolas Ferreira (PL-MG) de \u201ccorajoso\u201d por criticar o STF (Supremo Tribunal Federa) e dizer que o presidente Luiz In\u00e1cio Lula da Silva (PT) \u00e9 \u201cum ladr\u00e3o que deveria estar na cadeia\u201d.<\/strong><\/p>\n<p>O congressista compartilhou em seu perfil no X (ex-Twitter) um v\u00eddeo de seu discurso na C\u00fapula Transatl\u00e2ntica, evento na ONU (Organiza\u00e7\u00e3o das Na\u00e7\u00f5es Unidas), realizado em novembro de 2023.<\/p>\n<p><img src=\"https:\/\/static.poder360.com.br\/2024\/04\/prismada-musk-nikolas-10abr2024.png\" \/><\/p>\n<p>\u201cHomem corajoso\u201d, declarou Musk ao compartilhar a publica\u00e7\u00e3o de Nikolas. O dono do X vem escalando o tom contra o petista e o ministro do STF Alexandre de Moraes desde s\u00e1bado (6.abr). O bilion\u00e1rio diz que o ministro tem condutas autorit\u00e1rias e exige uma censura ilegal de discursos considerados extremistas na plataforma.<\/p>\n<p>O deputado respondeu e disse que o dono do X nem imagina o que a sua declara\u00e7\u00e3o significa para ele e para o Brasil. No v\u00eddeo, Nikolas tamb\u00e9m disse que o mundo precisa de educadores que \u201censinam e n\u00e3o doutrinam\u201d para formar ju\u00edzes que \u201chonram a magistratura\u201d \u2013ao contr\u00e1rio, segundo ele, de \u201calguns\u201d integrantes do STF que \u201ctra\u00edram o povo brasileiro\u201d. No in\u00edcio da fala, o deputado disse que a \u201cesquerda voltou ao poder\u201d em 2023 para usar \u201ctodos os meios poss\u00edveis\u201d de \u201cdestrui\u00e7\u00e3o da fam\u00edlia\u201d. Defendeu a criminaliza\u00e7\u00e3o do aborto e criticou pessoas trans que, segundo ele, \u201cmentem sobre o sexo biol\u00f3gico para competir com mulheres\u201d.<\/p>\n","protected":false},"excerpt":{"rendered":"<p>Elon Musk, empres\u00e1rio nascido na \u00c1frica do Sul e com cidadania norte-americana desde 2002, chamou nesta 4\u00aa feira (10.abr.2024) o deputado federal Nikolas Ferreira (PL-MG) de \u201ccorajoso\u201d por criticar o STF (Supremo Tribunal Federa) e dizer que o presidente Luiz In\u00e1cio Lula da Silva (PT) \u00e9 \u201cum ladr\u00e3o que deveria estar na cadeia\u201d. O congressista compartilhou em seu perfil no X (ex-Twitter) um v\u00eddeo de seu discurso na C\u00fapula Transatl\u00e2ntica, evento na ONU (Organiza\u00e7\u00e3o das Na\u00e7\u00f5es Unidas), realizado em novembro de 2023. \u201cHomem corajoso\u201d, declarou Musk ao compartilhar a publica\u00e7\u00e3o de Nikolas. O dono do X vem escalando o tom [&hellip;]<\/p>\n","protected":false},"author":1,"featured_media":57465,"comment_status":"open","ping_status":"closed","sticky":false,"template":"","format":"standard","meta":{"_links_to":"","_links_to_target":""},"categories":[3,1,10],"tags":[],"views":1493,"_links":{"self":[{"href":"https:\/\/www.brazilianpress.com\/v1\/wp-json\/wp\/v2\/posts\/57464"}],"collection":[{"href":"https:\/\/www.brazilianpress.com\/v1\/wp-json\/wp\/v2\/posts"}],"about":[{"href":"https:\/\/www.brazilianpress.com\/v1\/wp-json\/wp\/v2\/types\/post"}],"author":[{"embeddable":true,"href":"https:\/\/www.brazilianpress.com\/v1\/wp-json\/wp\/v2\/users\/1"}],"replies":[{"embeddable":true,"href":"https:\/\/www.brazilianpress.com\/v1\/wp-json\/wp\/v2\/comments?post=57464"}],"version-history":[{"count":1,"href":"https:\/\/www.brazilianpress.com\/v1\/wp-json\/wp\/v2\/posts\/57464\/revisions"}],"predecessor-version":[{"id":57466,"href":"https:\/\/www.brazilianpress.com\/v1\/wp-json\/wp\/v2\/posts\/57464\/revisions\/57466"}],"wp:featuredmedia":[{"embeddable":true,"href":"https:\/\/www.brazilianpress.com\/v1\/wp-json\/wp\/v2\/media\/57465"}],"wp:attachment":[{"href":"https:\/\/www.brazilianpress.com\/v1\/wp-json\/wp\/v2\/media?parent=57464"}],"wp:term":[{"taxonomy":"category","embeddable":true,"href":"https:\/\/www.brazilianpress.com\/v1\/wp-json\/wp\/v2\/categories?post=57464"},{"taxonomy":"post_tag","embeddable":true,"href":"https:\/\/www.brazilianpress.com\/v1\/wp-json\/wp\/v2\/tags?post=57464"}],"curies":[{"name":"wp","href":"https:\/\/api.w.org\/{rel}","templated":true}]}}