{"id":57467,"date":"2024-04-11T12:56:38","date_gmt":"2024-04-11T16:56:38","guid":{"rendered":"https:\/\/www.brazilianpress.com\/v1\/?p=57467"},"modified":"2024-04-11T12:56:38","modified_gmt":"2024-04-11T16:56:38","slug":"video-policia-mata-homem-negro-com-96-tiros-em-abordagem-em-chicago-imagens-mostram-abordagem","status":"publish","type":"post","link":"https:\/\/www.brazilianpress.com\/v1\/2024\/04\/11\/video-policia-mata-homem-negro-com-96-tiros-em-abordagem-em-chicago-imagens-mostram-abordagem\/","title":{"rendered":"V\u00cdDEO: Pol\u00edcia mata homem negro com 96 tiros em abordagem em Chicago. Imagens mostram abordagem"},"content":{"rendered":"<p><strong>Um homem negro, identificado como Dexter Reed Jr, foi morto por policiais com 96 tiros durante uma abordagem de tr\u00e2nsito em Chicago, nos Estados Unidos. Segundo o Escrit\u00f3rio Civil de Responsabilidade Policial (Copa, na sigla em ingl\u00eas), o homem foi parado por estar sem cinto de seguran\u00e7a, ele se recusou a descer do carro e disparou contra os policiais, que responderam aos disparos 96 vezes durante um per\u00edodo de 41 segundos.<\/strong><\/p>\n<p>O caso ocorreu em 21 de mar\u00e7o, mas veio a tona na quarta-feira (9\/4), com a divulga\u00e7\u00e3o dos v\u00eddeos de c\u00e2meras corporais dos policiais. De acordo com o Escrit\u00f3rio Civil de Responsabilidade Policial dos EUA, a investiga\u00e7\u00e3o administrativa sobre o uso de for\u00e7a letal pelos policiais envolvidos come\u00e7ou imediatamente ap\u00f3s o tiroteio e continua em andamento.<\/p>\n<p><img src=\"https:\/\/midias.correiobraziliense.com.br\/_midias\/jpg\/2024\/04\/11\/675x450\/1_dexter_reed_1024x578-36136769.jpg?20240411085455?20240411085455\" alt=\"V\u00eddeo: Pol\u00edcia mata homem negro com 96 tiros em abordagem nos EUA\" \/><\/p>\n<p>\u201cComo uma ag\u00eancia estabelecida com base no princ\u00edpio fundamental da reforma, levamos muito a s\u00e9rio as investiga\u00e7\u00f5es sobre o uso de for\u00e7a letal e as circunst\u00e2ncias envolventes. A Copa tem a responsabilidade, conforme previsto no Decreto de Anu\u00eancia Federal e na Portaria Municipal, de revisar todos os tiroteios policiais envolvendo policiais do CPD. Cada uso de for\u00e7a letal deve ser avaliado examinando a totalidade das circunst\u00e2ncias, incluindo as a\u00e7\u00f5es do oficial antes do uso da for\u00e7a. Consequentemente, iremos rever cuidadosamente as a\u00e7\u00f5es dos agentes policiais envolvidos e dos seus supervisores para determinar se a forma\u00e7\u00e3o, as pol\u00edticas e as diretivas foram devidamente seguidas\u201d, disse o Primeiro Administrador-Chefe Adjunto, Ephraim Eaddy.<\/p>\n<p><img src=\"https:\/\/images.radio.com\/aiu-media\/Screenshot-20240410-at-42417-PM-18daf0f5-7ea9-409e-aa6b-790eef69aeca.png?width=800\" alt=\"Chicago alders react to fatal police shooting of Dexter Reed\" \/><\/p>\n<p>A equipe de investiga\u00e7\u00e3o analisa as imagens de c\u00e2meras corporais e a coleta de cartuchos e outras evid\u00eancias bal\u00edsticas. A \u00e1rea onde o incidente ocorreu tamb\u00e9m foi vasculhada e foi realizada a aut\u00f3psia de Dexter Reed Jr. Al\u00e9m disso, a autoridade policial est\u00e1 entrevistando todas as testemunhas. <span style=\"color: #ff0000;\"><strong>Assista:<\/strong><\/span><\/p>\n<div class=\"mnmd-responsive-video\"><iframe loading=\"lazy\" title=\"Experts wonder how traffic stop involving Dexter Reed led to shootout with CPD so fast\" width=\"1200\" height=\"675\" src=\"https:\/\/www.youtube.com\/embed\/zLzVS6DQq8E?feature=oembed\" frameborder=\"0\" allow=\"accelerometer; autoplay; clipboard-write; encrypted-media; gyroscope; picture-in-picture; web-share\" referrerpolicy=\"strict-origin-when-cross-origin\" allowfullscreen><\/iframe><\/div>\n<p>&#8220;Os investigadores da Copa tamb\u00e9m forneceram instru\u00e7\u00f5es ao Gabinete do Procurador do Estado do Condado de Cook (CCSAO), ao Federal Bureau of Investigations (FBI), ao Departamento de Justi\u00e7a (DOJ) e enviaram um pedido formal ao Superintendente Larry Snelling recomendando que o Departamento de Pol\u00edcia de Chicago aliviasse quatro policiais dos seus poderes policiais durante a pend\u00eancia desta investiga\u00e7\u00e3o. Tamb\u00e9m entramos em contato com a fam\u00edlia e continuaremos a fornecer atualiza\u00e7\u00f5es enquanto a investiga\u00e7\u00e3o prossegue\u201d, disse Eaddy.<\/p>\n","protected":false},"excerpt":{"rendered":"<p>Um homem negro, identificado como Dexter Reed Jr, foi morto por policiais com 96 tiros durante uma abordagem de tr\u00e2nsito em Chicago, nos Estados Unidos. Segundo o Escrit\u00f3rio Civil de Responsabilidade Policial (Copa, na sigla em ingl\u00eas), o homem foi parado por estar sem cinto de seguran\u00e7a, ele se recusou a descer do carro e disparou contra os policiais, que responderam aos disparos 96 vezes durante um per\u00edodo de 41 segundos. O caso ocorreu em 21 de mar\u00e7o, mas veio a tona na quarta-feira (9\/4), com a divulga\u00e7\u00e3o dos v\u00eddeos de c\u00e2meras corporais dos policiais. De acordo com o Escrit\u00f3rio [&hellip;]<\/p>\n","protected":false},"author":1,"featured_media":57468,"comment_status":"open","ping_status":"closed","sticky":false,"template":"","format":"standard","meta":{"_links_to":"","_links_to_target":""},"categories":[3,1,10],"tags":[],"views":1558,"_links":{"self":[{"href":"https:\/\/www.brazilianpress.com\/v1\/wp-json\/wp\/v2\/posts\/57467"}],"collection":[{"href":"https:\/\/www.brazilianpress.com\/v1\/wp-json\/wp\/v2\/posts"}],"about":[{"href":"https:\/\/www.brazilianpress.com\/v1\/wp-json\/wp\/v2\/types\/post"}],"author":[{"embeddable":true,"href":"https:\/\/www.brazilianpress.com\/v1\/wp-json\/wp\/v2\/users\/1"}],"replies":[{"embeddable":true,"href":"https:\/\/www.brazilianpress.com\/v1\/wp-json\/wp\/v2\/comments?post=57467"}],"version-history":[{"count":1,"href":"https:\/\/www.brazilianpress.com\/v1\/wp-json\/wp\/v2\/posts\/57467\/revisions"}],"predecessor-version":[{"id":57469,"href":"https:\/\/www.brazilianpress.com\/v1\/wp-json\/wp\/v2\/posts\/57467\/revisions\/57469"}],"wp:featuredmedia":[{"embeddable":true,"href":"https:\/\/www.brazilianpress.com\/v1\/wp-json\/wp\/v2\/media\/57468"}],"wp:attachment":[{"href":"https:\/\/www.brazilianpress.com\/v1\/wp-json\/wp\/v2\/media?parent=57467"}],"wp:term":[{"taxonomy":"category","embeddable":true,"href":"https:\/\/www.brazilianpress.com\/v1\/wp-json\/wp\/v2\/categories?post=57467"},{"taxonomy":"post_tag","embeddable":true,"href":"https:\/\/www.brazilianpress.com\/v1\/wp-json\/wp\/v2\/tags?post=57467"}],"curies":[{"name":"wp","href":"https:\/\/api.w.org\/{rel}","templated":true}]}}