{"id":57625,"date":"2024-05-01T11:42:57","date_gmt":"2024-05-01T15:42:57","guid":{"rendered":"https:\/\/www.brazilianpress.com\/v1\/?p=57625"},"modified":"2024-05-01T11:42:57","modified_gmt":"2024-05-01T15:42:57","slug":"social-press-01-05-2024","status":"publish","type":"post","link":"https:\/\/www.brazilianpress.com\/v1\/2024\/05\/01\/social-press-01-05-2024\/","title":{"rendered":"Social Press . 01\/05\/2024"},"content":{"rendered":"<p><strong><em>Juliana e Jane esta dupla do Exclusive Company Salon &amp; Spa, esperando por voc\u00ea para lhe oferecer-lhe o melhor em est\u00e9tica e beleza. V\u00e1 conferir, 364 Morris Ave, Elizabeth. (973) 991- 4998<\/em><\/strong><\/p>\n<p><strong><em><img loading=\"lazy\" class=\"alignnone size-full wp-image-57620\" src=\"https:\/\/www.brazilianpress.com\/v1\/wp-content\/uploads\/2024\/05\/Foto-2-happy-birthday-Anany.jpg\" alt=\"\" width=\"700\" height=\"892\" srcset=\"https:\/\/www.brazilianpress.com\/v1\/wp-content\/uploads\/2024\/05\/Foto-2-happy-birthday-Anany.jpg 700w, https:\/\/www.brazilianpress.com\/v1\/wp-content\/uploads\/2024\/05\/Foto-2-happy-birthday-Anany-235x300.jpg 235w\" sizes=\"(max-width: 700px) 100vw, 700px\" \/><br \/>\nHappy birthday Anany que na foto est\u00e1 com o esposo Marcos Rodriguez em merecidas f\u00e9rias na Gr\u00e9cia, Felicidades!<\/em><\/strong><\/p>\n<p><strong><em><img loading=\"lazy\" class=\"alignnone size-full wp-image-57621\" src=\"https:\/\/www.brazilianpress.com\/v1\/wp-content\/uploads\/2024\/05\/Foto-3-Rodrigo-e-taylane.jpg\" alt=\"\" width=\"516\" height=\"900\" srcset=\"https:\/\/www.brazilianpress.com\/v1\/wp-content\/uploads\/2024\/05\/Foto-3-Rodrigo-e-taylane.jpg 516w, https:\/\/www.brazilianpress.com\/v1\/wp-content\/uploads\/2024\/05\/Foto-3-Rodrigo-e-taylane-172x300.jpg 172w\" sizes=\"(max-width: 516px) 100vw, 516px\" \/><br \/>\nRodrigo e Taylane comemorando um ano de uni\u00e3o, nada melhor que Punta Cana para a lua de mel. Aproveitem!<\/em><\/strong><\/p>\n<p><strong><em><img loading=\"lazy\" class=\"alignnone size-full wp-image-57622\" src=\"https:\/\/www.brazilianpress.com\/v1\/wp-content\/uploads\/2024\/05\/Foto-4-o-Jovem-Daniel-Lima.jpg\" alt=\"\" width=\"700\" height=\"775\" srcset=\"https:\/\/www.brazilianpress.com\/v1\/wp-content\/uploads\/2024\/05\/Foto-4-o-Jovem-Daniel-Lima.jpg 700w, https:\/\/www.brazilianpress.com\/v1\/wp-content\/uploads\/2024\/05\/Foto-4-o-Jovem-Daniel-Lima-271x300.jpg 271w\" sizes=\"(max-width: 700px) 100vw, 700px\" \/><br \/>\nO jovem e aniversariante Daniel Lima (Delson J\u00f3ias) assumindo a dire\u00e7\u00e3o, da-lhe garoto!<\/em><\/strong><\/p>\n<p><strong><em><img loading=\"lazy\" class=\"alignnone size-full wp-image-57623\" src=\"https:\/\/www.brazilianpress.com\/v1\/wp-content\/uploads\/2024\/05\/Foto-5-Quem-tambem-comemora-seu-niver.jpg\" alt=\"\" width=\"700\" height=\"626\" srcset=\"https:\/\/www.brazilianpress.com\/v1\/wp-content\/uploads\/2024\/05\/Foto-5-Quem-tambem-comemora-seu-niver.jpg 700w, https:\/\/www.brazilianpress.com\/v1\/wp-content\/uploads\/2024\/05\/Foto-5-Quem-tambem-comemora-seu-niver-300x268.jpg 300w\" sizes=\"(max-width: 700px) 100vw, 700px\" \/><br \/>\nQuem tamb\u00e9m comemora seu niver neste m\u00eas \u00e9 o gente boa Jo\u00e3o, o famoso JP auto sales.<\/em><\/strong><\/p>\n<p><strong><em><img loading=\"lazy\" class=\"alignnone size-full wp-image-57624\" src=\"https:\/\/www.brazilianpress.com\/v1\/wp-content\/uploads\/2024\/05\/Foto-6-As-noivas-da-regiao-agora.jpg\" alt=\"\" width=\"700\" height=\"788\" srcset=\"https:\/\/www.brazilianpress.com\/v1\/wp-content\/uploads\/2024\/05\/Foto-6-As-noivas-da-regiao-agora.jpg 700w, https:\/\/www.brazilianpress.com\/v1\/wp-content\/uploads\/2024\/05\/Foto-6-As-noivas-da-regiao-agora-266x300.jpg 266w\" sizes=\"(max-width: 700px) 100vw, 700px\" \/><br \/>\nAs noivas da regi\u00e3o agora tem uma loja especializada em Newark. White Rose Bridal, 109 Monroe St. Na foto os anfritri\u00f5es Barbara e Fernando.<\/em><\/strong><\/p>\n<p><strong><em><img loading=\"lazy\" class=\"alignnone size-full wp-image-57618\" src=\"https:\/\/www.brazilianpress.com\/v1\/wp-content\/uploads\/2024\/05\/Foto-1-Happy-anniversary-ao-casal.jpg\" alt=\"\" width=\"700\" height=\"587\" srcset=\"https:\/\/www.brazilianpress.com\/v1\/wp-content\/uploads\/2024\/05\/Foto-1-Happy-anniversary-ao-casal.jpg 700w, https:\/\/www.brazilianpress.com\/v1\/wp-content\/uploads\/2024\/05\/Foto-1-Happy-anniversary-ao-casal-300x252.jpg 300w\" sizes=\"(max-width: 700px) 100vw, 700px\" \/><br \/>\nHappy Anniversary ao casal Katia e Samuel Szeremeta, que comemoraram a data na Sui\u00e7a!<\/em><\/strong><\/p>\n<p><strong><em>Parab\u00e9ns a voc\u00ea, \u00e9 o que deseja sua esposa Daniela , fam\u00edlia e amigos ao grande Adilson. Happy Birthday<\/em><\/strong><\/p>\n","protected":false},"excerpt":{"rendered":"<p>Juliana e Jane esta dupla do Exclusive Company Salon &amp; Spa, esperando por voc\u00ea para lhe oferecer-lhe o melhor em est\u00e9tica e beleza. V\u00e1 conferir, 364 Morris Ave, Elizabeth. (973) 991- 4998 Happy birthday Anany que na foto est\u00e1 com o esposo Marcos Rodriguez em merecidas f\u00e9rias na Gr\u00e9cia, Felicidades! Rodrigo e Taylane comemorando um ano de uni\u00e3o, nada melhor que Punta Cana para a lua de mel. Aproveitem! O jovem e aniversariante Daniel Lima (Delson J\u00f3ias) assumindo a dire\u00e7\u00e3o, da-lhe garoto! Quem tamb\u00e9m comemora seu niver neste m\u00eas \u00e9 o gente boa Jo\u00e3o, o famoso JP auto sales. As [&hellip;]<\/p>\n","protected":false},"author":1,"featured_media":57619,"comment_status":"open","ping_status":"closed","sticky":false,"template":"","format":"standard","meta":{"_links_to":"","_links_to_target":""},"categories":[3,1,6],"tags":[],"views":1591,"_links":{"self":[{"href":"https:\/\/www.brazilianpress.com\/v1\/wp-json\/wp\/v2\/posts\/57625"}],"collection":[{"href":"https:\/\/www.brazilianpress.com\/v1\/wp-json\/wp\/v2\/posts"}],"about":[{"href":"https:\/\/www.brazilianpress.com\/v1\/wp-json\/wp\/v2\/types\/post"}],"author":[{"embeddable":true,"href":"https:\/\/www.brazilianpress.com\/v1\/wp-json\/wp\/v2\/users\/1"}],"replies":[{"embeddable":true,"href":"https:\/\/www.brazilianpress.com\/v1\/wp-json\/wp\/v2\/comments?post=57625"}],"version-history":[{"count":1,"href":"https:\/\/www.brazilianpress.com\/v1\/wp-json\/wp\/v2\/posts\/57625\/revisions"}],"predecessor-version":[{"id":57626,"href":"https:\/\/www.brazilianpress.com\/v1\/wp-json\/wp\/v2\/posts\/57625\/revisions\/57626"}],"wp:featuredmedia":[{"embeddable":true,"href":"https:\/\/www.brazilianpress.com\/v1\/wp-json\/wp\/v2\/media\/57619"}],"wp:attachment":[{"href":"https:\/\/www.brazilianpress.com\/v1\/wp-json\/wp\/v2\/media?parent=57625"}],"wp:term":[{"taxonomy":"category","embeddable":true,"href":"https:\/\/www.brazilianpress.com\/v1\/wp-json\/wp\/v2\/categories?post=57625"},{"taxonomy":"post_tag","embeddable":true,"href":"https:\/\/www.brazilianpress.com\/v1\/wp-json\/wp\/v2\/tags?post=57625"}],"curies":[{"name":"wp","href":"https:\/\/api.w.org\/{rel}","templated":true}]}}